{"id":6942,"date":"2024-01-02T10:19:00","date_gmt":"2024-01-02T10:19:00","guid":{"rendered":"https:\/\/pts.org.pl\/?p=6942"},"modified":"2024-01-06T12:37:14","modified_gmt":"2024-01-06T12:37:14","slug":"i-kongres-badaczy-i-badaczek-granic-i-pograniczy","status":"publish","type":"post","link":"https:\/\/pts.org.pl\/en\/i-kongres-badaczy-i-badaczek-granic-i-pograniczy\/","title":{"rendered":"I Kongres badaczy i badaczek granic i pograniczy"},"content":{"rendered":"<div class=\"fcbkbttn_buttons_block\" id=\"fcbkbttn_left\"><div class=\"fcbkbttn_button\">\n                            <a href=\"https:\/\/www.facebook.com\/\" target=\"_blank\">\n                                <img src=\"https:\/\/pts.org.pl\/wp-content\/plugins\/facebook-button-plugin\/images\/standard-facebook-ico.png\" alt=\"Fb-Button\" \/>\n                            <\/a>\n                        <\/div><div class=\"fcbkbttn_like \"><fb:like href=\"https:\/\/pts.org.pl\/en\/i-kongres-badaczy-i-badaczek-granic-i-pograniczy\/\" action=\"like\" colorscheme=\"light\" layout=\"button_count\"  size=\"small\"><\/fb:like><\/div><\/div>\n<p>Szanowne Kole\u017canki i Koledzy, Szanowni Pa\u0144stwo,&nbsp;<\/p>\n\n\n\n<p>zapraszamy do zg\u0142aszania referat\u00f3w na&nbsp;&nbsp;<strong>I Kongres&nbsp;badaczy i badaczek granic i pograniczy \u201e(De)Konstruowanie granic w studiach nad granicami i pograniczami\u201d<\/strong>,&nbsp;<\/p>\n\n\n\n<p><strong>&nbsp;<\/strong>organizowany przez&nbsp;O\u015brodek Bada\u0144 Regionalnych i Obszar\u00f3w Pogranicza w Uniwersytecie Wroc\u0142awskim, Zak\u0142ad Socjologii Pogranicza Instytutu Socjologii Uniwersytetu Wroc\u0142awskiego oraz&nbsp;Instytut Nauk o Polityce i Administracji Uniwersytetu Opolskiego&nbsp;wsp\u00f3lnie z&nbsp;Laboratorium Terra Diversa w Uniwersytecie w Bia\u0142ymstoku, Wydzia\u0142em Nauk Politycznych i Dziennikarstwa Uniwersytetu im. Adama Mickiewicza w Poznaniu, &nbsp;International Border Studies Center na Uniwersytecie Gda\u0144skim oraz Sekcj\u0119 Socjologii Etniczno\u015bci PTS.&nbsp;<\/p>\n\n\n\n<p>Kongres&nbsp;odb\u0119dzie si\u0119 w dniach 16-18 wrze\u015bnia 2024 roku we Wroc\u0142awiu i Opolu.&nbsp;<\/p>\n\n\n\n<p>Prosimy o zg\u0142oszenia w terminie do 15 stycznia 2024 roku.&nbsp;<\/p>\n\n\n\n<p><strong>Szczeg\u00f3\u0142owe informacje o Kongresie oraz link do formularza zg\u0142oszeniowego znajduj\u0105 si\u0119 na stronie:<\/strong>&nbsp;http:\/\/politologia.uni.opole.pl\/kongres-wroclaw-16-18-2024\/&nbsp;<\/p>\n\n\n\n<p>Z powa\u017caniem&nbsp;<\/p>\n\n\n\n<p>Natalia Nied\u017awiecka-Iwa\u0144czak<\/p>\n","protected":false},"excerpt":{"rendered":"<p>Szanowne Kole\u017canki i Koledzy, Szanowni Pa\u0144stwo,&nbsp; zapraszamy do zg\u0142aszania referat\u00f3w na&nbsp;&nbsp;I Kongres&nbsp;badaczy i badaczek granic i pograniczy \u201e(De)Konstruowanie granic w studiach nad granicami i pograniczami\u201d,&nbsp; &nbsp;organizowany przez&nbsp;O\u015brodek Bada\u0144 Regionalnych i Obszar\u00f3w Pogranicza w Uniwersytecie Wroc\u0142awskim, Zak\u0142ad Socjologii Pogranicza Instytutu Socjologii Uniwersytetu Wroc\u0142awskiego oraz&nbsp;Instytut Nauk o Polityce i Administracji Uniwersytetu Opolskiego&nbsp;wsp\u00f3lnie z&nbsp;Laboratorium Terra Diversa w Uniwersytecie [&hellip;]<\/p>\n","protected":false},"author":11,"featured_media":0,"comment_status":"open","ping_status":"open","sticky":false,"template":"","format":"standard","meta":[],"categories":[],"tags":[],"_links":{"self":[{"href":"https:\/\/pts.org.pl\/en\/wp-json\/wp\/v2\/posts\/6942"}],"collection":[{"href":"https:\/\/pts.org.pl\/en\/wp-json\/wp\/v2\/posts"}],"about":[{"href":"https:\/\/pts.org.pl\/en\/wp-json\/wp\/v2\/types\/post"}],"author":[{"embeddable":true,"href":"https:\/\/pts.org.pl\/en\/wp-json\/wp\/v2\/users\/11"}],"replies":[{"embeddable":true,"href":"https:\/\/pts.org.pl\/en\/wp-json\/wp\/v2\/comments?post=6942"}],"version-history":[{"count":1,"href":"https:\/\/pts.org.pl\/en\/wp-json\/wp\/v2\/posts\/6942\/revisions"}],"predecessor-version":[{"id":6943,"href":"https:\/\/pts.org.pl\/en\/wp-json\/wp\/v2\/posts\/6942\/revisions\/6943"}],"wp:attachment":[{"href":"https:\/\/pts.org.pl\/en\/wp-json\/wp\/v2\/media?parent=6942"}],"wp:term":[{"taxonomy":"category","embeddable":true,"href":"https:\/\/pts.org.pl\/en\/wp-json\/wp\/v2\/categories?post=6942"},{"taxonomy":"post_tag","embeddable":true,"href":"https:\/\/pts.org.pl\/en\/wp-json\/wp\/v2\/tags?post=6942"}],"curies":[{"name":"wp","href":"https:\/\/api.w.org\/{rel}","templated":true}]}}