{"id":6937,"date":"2023-11-23T22:48:00","date_gmt":"2023-11-23T22:48:00","guid":{"rendered":"https:\/\/pts.org.pl\/?p=6937"},"modified":"2023-11-27T23:02:06","modified_gmt":"2023-11-27T23:02:06","slug":"xl-dni-praw-czlowieka-kompletne-i-ulomne-prawa-czlowieka-wokol-koncepcji-adama-podgoreckiego-w-25-rocznice-smierci","status":"publish","type":"post","link":"https:\/\/pts.org.pl\/en\/xl-dni-praw-czlowieka-kompletne-i-ulomne-prawa-czlowieka-wokol-koncepcji-adama-podgoreckiego-w-25-rocznice-smierci\/","title":{"rendered":"XL Dni Praw Cz\u0142owieka: Kompletne i u\u0142omne prawa cz\u0142owieka. Wok\u00f3\u0142 koncepcji Adama Podg\u00f3reckiego w 25 rocznic\u0119 \u015bmierci"},"content":{"rendered":"<div class=\"fcbkbttn_buttons_block\" id=\"fcbkbttn_left\"><div class=\"fcbkbttn_button\">\n                            <a href=\"https:\/\/www.facebook.com\/\" target=\"_blank\">\n                                <img src=\"https:\/\/pts.org.pl\/wp-content\/plugins\/facebook-button-plugin\/images\/standard-facebook-ico.png\" alt=\"Fb-Button\" \/>\n                            <\/a>\n                        <\/div><div class=\"fcbkbttn_like \"><fb:like href=\"https:\/\/pts.org.pl\/en\/xl-dni-praw-czlowieka-kompletne-i-ulomne-prawa-czlowieka-wokol-koncepcji-adama-podgoreckiego-w-25-rocznice-smierci\/\" action=\"like\" colorscheme=\"light\" layout=\"button_count\"  size=\"small\"><\/fb:like><\/div><\/div>\n<p>Szanowni Pa\u0144stwo,<\/p>\n\n\n\n<p>13-14 grudnia Katedra Praw Cz\u0142owieka Instytutu Naulk Socjologicznych<br>KUL, we wsp\u00f3\u0142pracy z Oddzia\u0142em Lubelskim PTS,&nbsp; organizuje jubileuszowe<br>XL Dni Praw Cz\u0142owieka: Kompletne i u\u0142omne prawa cz\u0142owieka.&nbsp; Wok\u00f3\u0142<br>koncepcji Adama Podg\u00f3reckiego w 25 rocznic\u0119&nbsp; \u015bmierci (hybrydowo).&nbsp; W<br>uj\u0119ciu A. Podg\u00f3reckiego &#8220;w rzeczywisto\u015bci spo\u0142ecznej, prawa cz\u0142owieka z<br>zasady s\u0105&nbsp; abstrakcyjne w tym sensie, \u017ce s\u0105 werbalizowane, lecz<br>niekoniecznie przestrzegane.&nbsp; Abstrakcyjne prawa cz\u0142owieka staj\u0105 si\u0119<br>u\u0142omnymi, gdy nie istniej\u0105 realistyczne warunki ich&nbsp; funkcjonowania [.]<br>Aby prawa cz\u0142owieka by\u0142y kompletne, niezb\u0119dne s\u0105 normatywne zapisy i<br>odpowiadaj\u0105ce im postawy wynikaj\u0105ce z prawa intuicyjnego oraz<br>instytucjonalne i organizacyjne powi\u0105zania mi\u0119dzy nimi&#8221; (Socjologiczna<br>teoria prawa, Warszawa 1998, s. 102, 103).<\/p>\n\n\n\n<p>Serdecznie zapraszam na Dni, najlepiej z referatem, je\u015bli nie na temat<br>praw cz\u0142owieka w kontek\u015bcie tego rozr\u00f3\u017cnienia, to na temat dorobku A.<br>Podg\u00f3reckiego , w szczeg\u00f3lno\u015bci z zakrsu socjologii prawa (zg\u0142oszenia do<br>25 listopada). Mamy nadziej\u0119, \u017ce przynajmniej jedna sesja odb\u0119dzie si\u0119 w<br>j\u0119zyku angielskim z udzia\u0142em prelegent\u00f3w zagranicznych. Teksty z<br>wyra\u017cnym akcentem socjologicznym, po polsku lub angielsku, chcieliby\u015bmy<br>opublikowa\u0107 w Zeszytach Naukowych KUL 61, 2024, nr 2 (termin, z\u0142o\u017cenia<br>tekstu, ok. po\u0142owy marca). Szczeg\u00f3\u0142y dost\u0119pne b\u0119d\u0105 wkr\u00f3tce na stronie<br>internetowej Instytutu Nauk Socjologicznych KUL i Zeszyt\u00f3w Naukowych<br>KUL.<\/p>\n\n\n\n<p>Zg\u0142oszenia oraz pytania w sprawie konferencji prosz\u0119 przesy\u0142a\u0107 na adres:<br>krzysztof.motyka@kul.pl z dopiskiem: XL Dni Praw Cz\u0142owieka.<\/p>\n\n\n\n<p>dr hab. Krzysztof Motyka, prof. KUL<br>Katedra Praw Cz\u0142owieka i Pracy Socjalnej<br>Instytut Nauk Socjologicznych KUL<br><a href=\"https:\/\/kul.academia.edu\/KrzysztofMotyka\" target=\"_blank\" rel=\"noreferrer noopener\">https:\/\/kul.academia.edu\/KrzysztofMotyka<\/a><\/p>\n","protected":false},"excerpt":{"rendered":"<p>Szanowni Pa\u0144stwo, 13-14 grudnia Katedra Praw Cz\u0142owieka Instytutu Naulk SocjologicznychKUL, we wsp\u00f3\u0142pracy z Oddzia\u0142em Lubelskim PTS,&nbsp; organizuje jubileuszoweXL Dni Praw Cz\u0142owieka: Kompletne i u\u0142omne prawa cz\u0142owieka.&nbsp; Wok\u00f3\u0142koncepcji Adama Podg\u00f3reckiego w 25 rocznic\u0119&nbsp; \u015bmierci (hybrydowo).&nbsp; Wuj\u0119ciu A. Podg\u00f3reckiego &#8220;w rzeczywisto\u015bci spo\u0142ecznej, prawa cz\u0142owieka zzasady s\u0105&nbsp; abstrakcyjne w tym sensie, \u017ce s\u0105 werbalizowane, leczniekoniecznie przestrzegane.&nbsp; Abstrakcyjne prawa [&hellip;]<\/p>\n","protected":false},"author":11,"featured_media":0,"comment_status":"open","ping_status":"open","sticky":false,"template":"","format":"standard","meta":[],"categories":[],"tags":[],"_links":{"self":[{"href":"https:\/\/pts.org.pl\/en\/wp-json\/wp\/v2\/posts\/6937"}],"collection":[{"href":"https:\/\/pts.org.pl\/en\/wp-json\/wp\/v2\/posts"}],"about":[{"href":"https:\/\/pts.org.pl\/en\/wp-json\/wp\/v2\/types\/post"}],"author":[{"embeddable":true,"href":"https:\/\/pts.org.pl\/en\/wp-json\/wp\/v2\/users\/11"}],"replies":[{"embeddable":true,"href":"https:\/\/pts.org.pl\/en\/wp-json\/wp\/v2\/comments?post=6937"}],"version-history":[{"count":1,"href":"https:\/\/pts.org.pl\/en\/wp-json\/wp\/v2\/posts\/6937\/revisions"}],"predecessor-version":[{"id":6938,"href":"https:\/\/pts.org.pl\/en\/wp-json\/wp\/v2\/posts\/6937\/revisions\/6938"}],"wp:attachment":[{"href":"https:\/\/pts.org.pl\/en\/wp-json\/wp\/v2\/media?parent=6937"}],"wp:term":[{"taxonomy":"category","embeddable":true,"href":"https:\/\/pts.org.pl\/en\/wp-json\/wp\/v2\/categories?post=6937"},{"taxonomy":"post_tag","embeddable":true,"href":"https:\/\/pts.org.pl\/en\/wp-json\/wp\/v2\/tags?post=6937"}],"curies":[{"name":"wp","href":"https:\/\/api.w.org\/{rel}","templated":true}]}}