{"id":6934,"date":"2023-11-27T22:35:49","date_gmt":"2023-11-27T22:35:49","guid":{"rendered":"https:\/\/pts.org.pl\/?p=6934"},"modified":"2023-11-27T22:35:51","modified_gmt":"2023-11-27T22:35:51","slug":"czwartek-z-socjologia-historyczna-30-11-2023","status":"publish","type":"post","link":"https:\/\/pts.org.pl\/en\/czwartek-z-socjologia-historyczna-30-11-2023\/","title":{"rendered":"Czwartek z Socjologi\u0105 Historyczn\u0105 &#8211; 30.11.2023"},"content":{"rendered":"<div class=\"fcbkbttn_buttons_block\" id=\"fcbkbttn_left\"><div class=\"fcbkbttn_button\">\n                            <a href=\"https:\/\/www.facebook.com\/\" target=\"_blank\">\n                                <img src=\"https:\/\/pts.org.pl\/wp-content\/plugins\/facebook-button-plugin\/images\/standard-facebook-ico.png\" alt=\"Fb-Button\" \/>\n                            <\/a>\n                        <\/div><div class=\"fcbkbttn_like \"><fb:like href=\"https:\/\/pts.org.pl\/en\/czwartek-z-socjologia-historyczna-30-11-2023\/\" action=\"like\" colorscheme=\"light\" layout=\"button_count\"  size=\"small\"><\/fb:like><\/div><\/div>\n<p>Kole\u017canki i Koledzy,<\/p>\n\n\n\n<p>w imieniu Sekcji Socjologii Historycznej, kol. Borysa Cymbrowskiego, zapraszam na kolejne seminarium z socjologii historycznej. Wyst\u0105pi prof. Dariusz Jarosz, szczeg\u00f3\u0142owe informacje znajduj\u0105 si\u0119 w za\u0142\u0105czniku.<\/p>\n\n\n\n<p>Zapraszam,<br>Jaros\u0142aw Kilias<\/p>\n\n\n\n<div class=\"wp-block-file\"><object class=\"wp-block-file__embed\" data=\"https:\/\/pts.org.pl\/wp-content\/uploads\/2023\/11\/Czwartek-30.11.23-Jarosz.pdf\" type=\"application\/pdf\" style=\"width:100%;height:600px\" aria-label=\"Osadzone z Czwartek-30.11.23-Jarosz.\"><\/object><a href=\"https:\/\/pts.org.pl\/wp-content\/uploads\/2023\/11\/Czwartek-30.11.23-Jarosz.pdf\">Czwartek-30.11.23-Jarosz<\/a><a href=\"https:\/\/pts.org.pl\/wp-content\/uploads\/2023\/11\/Czwartek-30.11.23-Jarosz.pdf\" class=\"wp-block-file__button\" download>Pobierz<\/a><\/div>\n","protected":false},"excerpt":{"rendered":"<p>Kole\u017canki i Koledzy, w imieniu Sekcji Socjologii Historycznej, kol. Borysa Cymbrowskiego, zapraszam na kolejne seminarium z socjologii historycznej. Wyst\u0105pi prof. Dariusz Jarosz, szczeg\u00f3\u0142owe informacje znajduj\u0105 si\u0119 w za\u0142\u0105czniku. Zapraszam,Jaros\u0142aw Kilias<\/p>\n","protected":false},"author":11,"featured_media":0,"comment_status":"open","ping_status":"open","sticky":false,"template":"","format":"standard","meta":[],"categories":[],"tags":[],"_links":{"self":[{"href":"https:\/\/pts.org.pl\/en\/wp-json\/wp\/v2\/posts\/6934"}],"collection":[{"href":"https:\/\/pts.org.pl\/en\/wp-json\/wp\/v2\/posts"}],"about":[{"href":"https:\/\/pts.org.pl\/en\/wp-json\/wp\/v2\/types\/post"}],"author":[{"embeddable":true,"href":"https:\/\/pts.org.pl\/en\/wp-json\/wp\/v2\/users\/11"}],"replies":[{"embeddable":true,"href":"https:\/\/pts.org.pl\/en\/wp-json\/wp\/v2\/comments?post=6934"}],"version-history":[{"count":1,"href":"https:\/\/pts.org.pl\/en\/wp-json\/wp\/v2\/posts\/6934\/revisions"}],"predecessor-version":[{"id":6936,"href":"https:\/\/pts.org.pl\/en\/wp-json\/wp\/v2\/posts\/6934\/revisions\/6936"}],"wp:attachment":[{"href":"https:\/\/pts.org.pl\/en\/wp-json\/wp\/v2\/media?parent=6934"}],"wp:term":[{"taxonomy":"category","embeddable":true,"href":"https:\/\/pts.org.pl\/en\/wp-json\/wp\/v2\/categories?post=6934"},{"taxonomy":"post_tag","embeddable":true,"href":"https:\/\/pts.org.pl\/en\/wp-json\/wp\/v2\/tags?post=6934"}],"curies":[{"name":"wp","href":"https:\/\/api.w.org\/{rel}","templated":true}]}}