{"id":6927,"date":"2023-11-27T21:50:24","date_gmt":"2023-11-27T21:50:24","guid":{"rendered":"https:\/\/pts.org.pl\/?p=6927"},"modified":"2023-11-27T21:50:27","modified_gmt":"2023-11-27T21:50:27","slug":"cfp-do-numeru-tematycznego-instytucjonalne-i-pozainstytucjonalne-konteksty-tworzenia-dobrostanu-czasopisma-miscellanea-anthropologica-et-sociologica","status":"publish","type":"post","link":"https:\/\/pts.org.pl\/en\/cfp-do-numeru-tematycznego-instytucjonalne-i-pozainstytucjonalne-konteksty-tworzenia-dobrostanu-czasopisma-miscellanea-anthropologica-et-sociologica\/","title":{"rendered":"CfP do numeru tematycznego Instytucjonalne i pozainstytucjonalne konteksty tworzenia dobrostanu Czasopisma Miscellanea Anthropologica et Sociologica"},"content":{"rendered":"<div class=\"fcbkbttn_buttons_block\" id=\"fcbkbttn_left\"><div class=\"fcbkbttn_button\">\n                            <a href=\"https:\/\/www.facebook.com\/\" target=\"_blank\">\n                                <img src=\"https:\/\/pts.org.pl\/wp-content\/plugins\/facebook-button-plugin\/images\/standard-facebook-ico.png\" alt=\"Fb-Button\" \/>\n                            <\/a>\n                        <\/div><div class=\"fcbkbttn_like \"><fb:like href=\"https:\/\/pts.org.pl\/en\/cfp-do-numeru-tematycznego-instytucjonalne-i-pozainstytucjonalne-konteksty-tworzenia-dobrostanu-czasopisma-miscellanea-anthropologica-et-sociologica\/\" action=\"like\" colorscheme=\"light\" layout=\"button_count\"  size=\"small\"><\/fb:like><\/div><\/div>\n<p><strong>Serdecznie zapraszamy do nadsy\u0142ania tekst\u00f3w do numeru tematycznego Instytucjonalne i pozainstytucjonalne konteksty tworzenia dobrostanu<\/strong> <strong>Czasopisma Miscellanea Anthropologica et Sociologica.<\/strong><br>Redaktorem go\u015bcinnym numeru jest dr Jacek Mianowski (UG)<br><\/p>\n\n\n\n<p>Zeszyt tematyczny powstaje w ramach naszej wsp\u00f3\u0142pracy dotycz\u0105cej V KKNS Socjologia medycyny &#8211; promocja zdrowia &#8211; wellbeing\u201d, kt\u00f3rej Patronem medialnym by\u0142o Czasopismo Miscellanea Anthropologica et Sociologica.<br><br>Bardzo dzi\u0119kujemy Redakcji za wsp\u00f3\u0142prac\u0119, a Pa\u0144stwa zach\u0119camy do nadsy\u0142ania tekst\u00f3w.<br>Wszystkie informacje znajdziecie Pa\u0144stwo w poni\u017cszym\u00a0<strong>call for papers<\/strong><br><a rel=\"noreferrer noopener\" href=\"https:\/\/czasopisma.bg.ug.edu.pl\/index.php\/maes\/announcement\/view\/78?fbclid=IwAR01KgJHqskw99sB9W4iDofzjtJBKOeC9mI81KnCtCrBzOYznyNJrYOlNrE\" target=\"_blank\">https:\/\/czasopisma.bg.ug.edu.pl\/&#8230;\/announcement\/view\/78<\/a><br><br>Z wyrazami szacunku i serdecznymi pozdrowieniami<br><em>dr hab. Ma\u0142gorzata Synowiec-Pi\u0142at<\/em><br><em>dr Krzysztof Puchalski<\/em><br><em>dr Agnieszka Borowiec<\/em><\/p>\n","protected":false},"excerpt":{"rendered":"<p>Serdecznie zapraszamy do nadsy\u0142ania tekst\u00f3w do numeru tematycznego Instytucjonalne i pozainstytucjonalne konteksty tworzenia dobrostanu Czasopisma Miscellanea Anthropologica et Sociologica.Redaktorem go\u015bcinnym numeru jest dr Jacek Mianowski (UG) Zeszyt tematyczny powstaje w ramach naszej wsp\u00f3\u0142pracy dotycz\u0105cej V KKNS Socjologia medycyny &#8211; promocja zdrowia &#8211; wellbeing\u201d, kt\u00f3rej Patronem medialnym by\u0142o Czasopismo Miscellanea Anthropologica et Sociologica. Bardzo dzi\u0119kujemy Redakcji [&hellip;]<\/p>\n","protected":false},"author":11,"featured_media":0,"comment_status":"open","ping_status":"open","sticky":false,"template":"","format":"standard","meta":[],"categories":[],"tags":[],"_links":{"self":[{"href":"https:\/\/pts.org.pl\/en\/wp-json\/wp\/v2\/posts\/6927"}],"collection":[{"href":"https:\/\/pts.org.pl\/en\/wp-json\/wp\/v2\/posts"}],"about":[{"href":"https:\/\/pts.org.pl\/en\/wp-json\/wp\/v2\/types\/post"}],"author":[{"embeddable":true,"href":"https:\/\/pts.org.pl\/en\/wp-json\/wp\/v2\/users\/11"}],"replies":[{"embeddable":true,"href":"https:\/\/pts.org.pl\/en\/wp-json\/wp\/v2\/comments?post=6927"}],"version-history":[{"count":1,"href":"https:\/\/pts.org.pl\/en\/wp-json\/wp\/v2\/posts\/6927\/revisions"}],"predecessor-version":[{"id":6928,"href":"https:\/\/pts.org.pl\/en\/wp-json\/wp\/v2\/posts\/6927\/revisions\/6928"}],"wp:attachment":[{"href":"https:\/\/pts.org.pl\/en\/wp-json\/wp\/v2\/media?parent=6927"}],"wp:term":[{"taxonomy":"category","embeddable":true,"href":"https:\/\/pts.org.pl\/en\/wp-json\/wp\/v2\/categories?post=6927"},{"taxonomy":"post_tag","embeddable":true,"href":"https:\/\/pts.org.pl\/en\/wp-json\/wp\/v2\/tags?post=6927"}],"curies":[{"name":"wp","href":"https:\/\/api.w.org\/{rel}","templated":true}]}}