{"id":6921,"date":"2023-11-27T21:25:49","date_gmt":"2023-11-27T21:25:49","guid":{"rendered":"https:\/\/pts.org.pl\/?p=6921"},"modified":"2023-11-27T21:48:20","modified_gmt":"2023-11-27T21:48:20","slug":"konferencja-sekcji-socjologii-migracji-pts-program","status":"publish","type":"post","link":"https:\/\/pts.org.pl\/en\/konferencja-sekcji-socjologii-migracji-pts-program\/","title":{"rendered":"Konferencja Sekcji Socjologii Migracji PTS &#8211; program"},"content":{"rendered":"<div class=\"fcbkbttn_buttons_block\" id=\"fcbkbttn_left\"><div class=\"fcbkbttn_button\">\n                            <a href=\"https:\/\/www.facebook.com\/\" target=\"_blank\">\n                                <img src=\"https:\/\/pts.org.pl\/wp-content\/plugins\/facebook-button-plugin\/images\/standard-facebook-ico.png\" alt=\"Fb-Button\" \/>\n                            <\/a>\n                        <\/div><div class=\"fcbkbttn_like \"><fb:like href=\"https:\/\/pts.org.pl\/en\/konferencja-sekcji-socjologii-migracji-pts-program\/\" action=\"like\" colorscheme=\"light\" layout=\"button_count\"  size=\"small\"><\/fb:like><\/div><\/div>\n<p>Zapraszamy do zapoznania si\u0119 z programem konferencji organizowanej\u00a0przez Sekcj\u0119 Socjologii Migracji\u00a0 PTS, Instytut Filozofii i Socjologii PAN oraz Collegium Civitas. Konferencja &#8220;Vulnerability &#8211; Intersectionality &#8211; Migration. Challenges and Responses&#8221;odb\u0119dzie si\u0119 w dniach 4-5 grudnia 2023.\u00a0\u00a0Osoby zainteresowane wys\u0142uchaniem referat\u00f3w mog\u0105 do\u0142\u0105czy\u0107 do obrad pod linkiem:Topic: Conference Vulnerability &#8211; Intersectionality &#8211; Migration. Challenges and Responses.<br><\/p>\n\n\n\n<p>Time: Dec 4, 2023 &amp; Dec 5, 2023<\/p>\n\n\n\n<p>Osoby, kt\u00f3re chc\u0105 wzi\u0105\u0107 udzia\u0142 w wydarzeniu jako s\u0142uchacze, proszone s\u0105 o zg\u0142oszenie na adres socjologiamigracji.pts@yahoo.com<\/p>\n\n\n\n<div class=\"wp-block-file\"><object class=\"wp-block-file__embed\" data=\"https:\/\/pts.org.pl\/wp-content\/uploads\/2023\/11\/final-PROGRAM-CONFERENCE-VULNERABILITY.pdf\" type=\"application\/pdf\" style=\"width:100%;height:600px\" aria-label=\"Osadzone z final-PROGRAM-CONFERENCE-VULNERABILITY.\"><\/object><a href=\"https:\/\/pts.org.pl\/wp-content\/uploads\/2023\/11\/final-PROGRAM-CONFERENCE-VULNERABILITY.pdf\">final-PROGRAM-CONFERENCE-VULNERABILITY<\/a><a href=\"https:\/\/pts.org.pl\/wp-content\/uploads\/2023\/11\/final-PROGRAM-CONFERENCE-VULNERABILITY.pdf\" class=\"wp-block-file__button\" download>Pobierz<\/a><\/div>\n","protected":false},"excerpt":{"rendered":"<p>Zapraszamy do zapoznania si\u0119 z programem konferencji organizowanej\u00a0przez Sekcj\u0119 Socjologii Migracji\u00a0 PTS, Instytut Filozofii i Socjologii PAN oraz Collegium Civitas. Konferencja &#8220;Vulnerability &#8211; Intersectionality &#8211; Migration. Challenges and Responses&#8221;odb\u0119dzie si\u0119 w dniach 4-5 grudnia 2023.\u00a0\u00a0Osoby zainteresowane wys\u0142uchaniem referat\u00f3w mog\u0105 do\u0142\u0105czy\u0107 do obrad pod linkiem:Topic: Conference Vulnerability &#8211; Intersectionality &#8211; Migration. Challenges and Responses. Time: Dec [&hellip;]<\/p>\n","protected":false},"author":11,"featured_media":0,"comment_status":"open","ping_status":"open","sticky":false,"template":"","format":"standard","meta":[],"categories":[],"tags":[],"_links":{"self":[{"href":"https:\/\/pts.org.pl\/en\/wp-json\/wp\/v2\/posts\/6921"}],"collection":[{"href":"https:\/\/pts.org.pl\/en\/wp-json\/wp\/v2\/posts"}],"about":[{"href":"https:\/\/pts.org.pl\/en\/wp-json\/wp\/v2\/types\/post"}],"author":[{"embeddable":true,"href":"https:\/\/pts.org.pl\/en\/wp-json\/wp\/v2\/users\/11"}],"replies":[{"embeddable":true,"href":"https:\/\/pts.org.pl\/en\/wp-json\/wp\/v2\/comments?post=6921"}],"version-history":[{"count":4,"href":"https:\/\/pts.org.pl\/en\/wp-json\/wp\/v2\/posts\/6921\/revisions"}],"predecessor-version":[{"id":6926,"href":"https:\/\/pts.org.pl\/en\/wp-json\/wp\/v2\/posts\/6921\/revisions\/6926"}],"wp:attachment":[{"href":"https:\/\/pts.org.pl\/en\/wp-json\/wp\/v2\/media?parent=6921"}],"wp:term":[{"taxonomy":"category","embeddable":true,"href":"https:\/\/pts.org.pl\/en\/wp-json\/wp\/v2\/categories?post=6921"},{"taxonomy":"post_tag","embeddable":true,"href":"https:\/\/pts.org.pl\/en\/wp-json\/wp\/v2\/tags?post=6921"}],"curies":[{"name":"wp","href":"https:\/\/api.w.org\/{rel}","templated":true}]}}