{"id":6918,"date":"2023-11-24T12:00:22","date_gmt":"2023-11-24T12:00:22","guid":{"rendered":"https:\/\/pts.org.pl\/?p=6918"},"modified":"2023-11-24T12:00:24","modified_gmt":"2023-11-24T12:00:24","slug":"zaproszenie-na-salon-socjologiczny-30-listopada-br","status":"publish","type":"post","link":"https:\/\/pts.org.pl\/en\/zaproszenie-na-salon-socjologiczny-30-listopada-br\/","title":{"rendered":"Zaproszenie na Salon Socjologiczny &#8211; 30 listopada br."},"content":{"rendered":"<div class=\"fcbkbttn_buttons_block\" id=\"fcbkbttn_left\"><div class=\"fcbkbttn_button\">\n                            <a href=\"https:\/\/www.facebook.com\/\" target=\"_blank\">\n                                <img src=\"https:\/\/pts.org.pl\/wp-content\/plugins\/facebook-button-plugin\/images\/standard-facebook-ico.png\" alt=\"Fb-Button\" \/>\n                            <\/a>\n                        <\/div><div class=\"fcbkbttn_like \"><fb:like href=\"https:\/\/pts.org.pl\/en\/zaproszenie-na-salon-socjologiczny-30-listopada-br\/\" action=\"like\" colorscheme=\"light\" layout=\"button_count\"  size=\"small\"><\/fb:like><\/div><\/div>\n<p>Szanowni Pa\u0144stwo,<\/p>\n\n\n\n<p>Serdecznie zapraszamy na wyk\u0142ad dr hab. Kai Gadowskiej, prof. UJ, wiceprezydent ESA pt.\u00a0<em>\u201eCynizm w miejsce ideologii. System nomenklatury partyjnej w Polsce w czasach realnego socjalizmu i po 1989 roku\u201d<\/em>, kt\u00f3ry odb\u0119dzie si\u0119 w ramach Salonu Socjologicznego w Szkole G\u0142\u00f3wnej Gospodarstwa Wiejskiego w Warszawie dn. 30 listopada o godz.13.00 w Auli Kryszta\u0142owej.<\/p>\n\n\n\n<figure class=\"wp-block-gallery columns-1 is-cropped\"><ul class=\"blocks-gallery-grid\"><li class=\"blocks-gallery-item\"><figure><img loading=\"lazy\" width=\"546\" height=\"770\" src=\"https:\/\/pts.org.pl\/wp-content\/uploads\/2023\/11\/Salon-Socjologiczny.png\" alt=\"\" data-id=\"6919\" data-full-url=\"https:\/\/pts.org.pl\/wp-content\/uploads\/2023\/11\/Salon-Socjologiczny.png\" data-link=\"https:\/\/pts.org.pl\/?attachment_id=6919\" class=\"wp-image-6919\" srcset=\"https:\/\/pts.org.pl\/wp-content\/uploads\/2023\/11\/Salon-Socjologiczny.png 546w, https:\/\/pts.org.pl\/wp-content\/uploads\/2023\/11\/Salon-Socjologiczny-213x300.png 213w\" sizes=\"(max-width: 546px) 100vw, 546px\" \/><\/figure><\/li><\/ul><\/figure>\n","protected":false},"excerpt":{"rendered":"<p>Szanowni Pa\u0144stwo, Serdecznie zapraszamy na wyk\u0142ad dr hab. Kai Gadowskiej, prof. UJ, wiceprezydent ESA pt.\u00a0\u201eCynizm w miejsce ideologii. System nomenklatury partyjnej w Polsce w czasach realnego socjalizmu i po 1989 roku\u201d, kt\u00f3ry odb\u0119dzie si\u0119 w ramach Salonu Socjologicznego w Szkole G\u0142\u00f3wnej Gospodarstwa Wiejskiego w Warszawie dn. 30 listopada o godz.13.00 w Auli Kryszta\u0142owej.<\/p>\n","protected":false},"author":11,"featured_media":0,"comment_status":"open","ping_status":"open","sticky":false,"template":"","format":"standard","meta":[],"categories":[],"tags":[],"_links":{"self":[{"href":"https:\/\/pts.org.pl\/en\/wp-json\/wp\/v2\/posts\/6918"}],"collection":[{"href":"https:\/\/pts.org.pl\/en\/wp-json\/wp\/v2\/posts"}],"about":[{"href":"https:\/\/pts.org.pl\/en\/wp-json\/wp\/v2\/types\/post"}],"author":[{"embeddable":true,"href":"https:\/\/pts.org.pl\/en\/wp-json\/wp\/v2\/users\/11"}],"replies":[{"embeddable":true,"href":"https:\/\/pts.org.pl\/en\/wp-json\/wp\/v2\/comments?post=6918"}],"version-history":[{"count":1,"href":"https:\/\/pts.org.pl\/en\/wp-json\/wp\/v2\/posts\/6918\/revisions"}],"predecessor-version":[{"id":6920,"href":"https:\/\/pts.org.pl\/en\/wp-json\/wp\/v2\/posts\/6918\/revisions\/6920"}],"wp:attachment":[{"href":"https:\/\/pts.org.pl\/en\/wp-json\/wp\/v2\/media?parent=6918"}],"wp:term":[{"taxonomy":"category","embeddable":true,"href":"https:\/\/pts.org.pl\/en\/wp-json\/wp\/v2\/categories?post=6918"},{"taxonomy":"post_tag","embeddable":true,"href":"https:\/\/pts.org.pl\/en\/wp-json\/wp\/v2\/tags?post=6918"}],"curies":[{"name":"wp","href":"https:\/\/api.w.org\/{rel}","templated":true}]}}