{"id":6915,"date":"2023-11-24T09:58:59","date_gmt":"2023-11-24T09:58:59","guid":{"rendered":"https:\/\/pts.org.pl\/?p=6915"},"modified":"2023-11-24T09:59:02","modified_gmt":"2023-11-24T09:59:02","slug":"zaproszenie-na-wydarzenia-sekcji-spotkanie-autorskie-online-i-seminarium-w-toruniu","status":"publish","type":"post","link":"https:\/\/pts.org.pl\/en\/zaproszenie-na-wydarzenia-sekcji-spotkanie-autorskie-online-i-seminarium-w-toruniu\/","title":{"rendered":"Zaproszenie na wydarzenia Sekcji &#8211; Spotkanie autorskie online i Seminarium w Toruniu"},"content":{"rendered":"<div class=\"fcbkbttn_buttons_block\" id=\"fcbkbttn_left\"><div class=\"fcbkbttn_button\">\n                            <a href=\"https:\/\/www.facebook.com\/\" target=\"_blank\">\n                                <img src=\"https:\/\/pts.org.pl\/wp-content\/plugins\/facebook-button-plugin\/images\/standard-facebook-ico.png\" alt=\"Fb-Button\" \/>\n                            <\/a>\n                        <\/div><div class=\"fcbkbttn_like \"><fb:like href=\"https:\/\/pts.org.pl\/en\/zaproszenie-na-wydarzenia-sekcji-spotkanie-autorskie-online-i-seminarium-w-toruniu\/\" action=\"like\" colorscheme=\"light\" layout=\"button_count\"  size=\"small\"><\/fb:like><\/div><\/div>\n<p>Szanowni Pa\u0144stwo,<\/p>\n\n\n\n<p>W kolejnych tygodniach, jeszcze przed ko\u0144cem roku, zapraszamy na dwa wydarzenia zorganizowane przez Sekcj\u0119 Sekcji Socjologii M\u0142odzie\u017cy i Edukacji PTS \u2013 Spotkanie autorskie online wok\u00f3\u0142 tematyki aktywno\u015bci politycznej m\u0142odego pokolenia (30 listopada 2023, o godz. 17) oraz Seminarium im. Prof. Krystyny Szafraniec \u201ePokolenia i zmiana spo\u0142eczna\u201d w UMK Toruniu (15 grudnia 2023). Szczeg\u00f3\u0142y obu wydarze\u0144 poni\u017cej.&nbsp;<\/p>\n\n\n\n<p>Serdecznie zapraszamy i do zobaczenia!<\/p>\n\n\n\n<p>Z powa\u017caniem,<\/p>\n\n\n\n<p>Ewa Krzaklewska, w imieniu Zarz\u0105du Sekcji<\/p>\n\n\n\n<p>&nbsp;1.&nbsp;Spotkanie autorskie online<\/p>\n\n\n\n<p><strong>\u201eM\u0142odzi 2022 \u2013 dyskusje wok\u00f3\u0142 warto\u015bci i aktywno\u015bci politycznej m\u0142odego pokolenia\u201d<\/strong><\/p>\n\n\n\n<p>Serdecznie zapraszamy do dyskusji wok\u00f3\u0142 ksi\u0105\u017cki prof. Marii Zieli\u0144skiej \u201eGotowi na doros\u0142o\u015b\u0107? Projekty \u017cyciowe i zasoby spo\u0142eczne m\u0142odego pokolenia\u201d (2020, Wyd. IFIS PAN), kt\u00f3ra przedstawia wyniki bada\u0144 lubuskich 18-latk\u00f3w i poddaje krytycznej analizie ich kondycj\u0119 spo\u0142eczno-psychologiczn\u0105, aktywno\u015b\u0107 obywatelsk\u0105, ekologiczn\u0105 i sieciow\u0105. Dodatkowo, om\u00f3wimy wnioski z raportu nt uczestnictwa m\u0142odych w \u017cyciu spo\u0142ecznym i politycznym autorstwa Adama K\u0105dzieli \u201ePolityczny portret m\u0142odych Polak\u00f3w\u201d (2023). Zastanowimy si\u0119 wsp\u00f3lnie nad przemianami postaw m\u0142odego pokolenia i ich zr\u00f3\u017cnicowaniem, nad identyfikacjami politycznymi i aktywno\u015bci\u0105 wyborcz\u0105, a tak\u017ce nad postrzeganiem roli pa\u0144stwa i demokracji.<\/p>\n\n\n\n<p>W dyskusji wezm\u0105 udzia\u0142:<\/p>\n\n\n\n<p>Prof. dr hab. Maria Zieli\u0144ska, Uniwersytet Zielonog\u00f3rski, autorka ksi\u0105\u017cki \u201eGotowi na doros\u0142o\u015b\u0107? Projekty \u017cyciowe i zasoby spo\u0142eczne m\u0142odego pokolenia\u201d (2020, Wyd. IFIS PAN)<br>Adam K\u0105dziela, Uniwersytet Warszawski, autor raportu \u201ePolityczny portret m\u0142odych Polak\u00f3w\u201d (2023)<br><br>Prowadz\u0105ca dyskusj\u0119:<br>Dr Monika Kwieci\u0144ska-Zdrenka, UMK<br><strong>Termin:<\/strong><br><strong>30 listopada 2023 (czwartek)<\/strong><br><strong>godz. 17-18.30, online<\/strong><br>Link do spotkania:<br><a href=\"https:\/\/teams.microsoft.com\/l\/meetup-join\/19%3ameeting_OTY5NmUxOWUtMjY2Ny00OTg0LWIxYWMtZDUxNWQ0Y2FmZTNj%40thread.v2\/0?context=%7B%22Tid%22%3A%22e80a627f-ef94-4aa9-82d6-c7ec9cfca324%22%2C%22Oid%22%3A%228ba26737-fb3e-4830-a8fb-180235661d61%22%7D&amp;fbclid=IwAR1yMyRsLJz_Bm8FWcErSHltXB4R4thorft-QJ3ll4YCfXzNsEjNhVZWcEw\" target=\"_blank\" rel=\"noreferrer noopener\">https:\/\/teams.microsoft.com\/l\/meetup-join\/19%3ameeting_OTY5NmUxOWUtMjY2Ny00OTg0LWIxYWMtZDUxNWQ0Y2FmZTNj%40thread.v2\/0?context=%7b%22Tid%22%3a%22e80a627f-ef94-4aa9-82d6-c7ec9cfca324%22%2c%22Oid%22%3a%228ba26737-fb3e-4830-a8fb-180235661d61%22%7d<\/a>&nbsp;Aby do\u0142\u0105czy\u0107, naci\u015bnij link albo wklej go w przegl\u0105darce.<\/p>\n\n\n\n<p>Organizator: Sekcja Socjologii M\u0142odzie\u017cy i Edukacji PTS<\/p>\n\n\n\n<p><strong>2. Seminarium im. Prof. Krystyny Szafraniec \u201ePokolenia i zmiana spo\u0142eczna\u201d<\/strong><\/p>\n\n\n\n<figure class=\"wp-block-gallery columns-1 is-cropped\"><ul class=\"blocks-gallery-grid\"><li class=\"blocks-gallery-item\"><figure><img loading=\"lazy\" width=\"640\" height=\"600\" src=\"https:\/\/pts.org.pl\/wp-content\/uploads\/2023\/11\/Seminarium-im-Prof-Krystyny-Szafraniec-15-grudnia-UMK.png\" alt=\"\" data-id=\"6916\" data-full-url=\"https:\/\/pts.org.pl\/wp-content\/uploads\/2023\/11\/Seminarium-im-Prof-Krystyny-Szafraniec-15-grudnia-UMK.png\" data-link=\"https:\/\/pts.org.pl\/?attachment_id=6916\" class=\"wp-image-6916\" srcset=\"https:\/\/pts.org.pl\/wp-content\/uploads\/2023\/11\/Seminarium-im-Prof-Krystyny-Szafraniec-15-grudnia-UMK.png 640w, https:\/\/pts.org.pl\/wp-content\/uploads\/2023\/11\/Seminarium-im-Prof-Krystyny-Szafraniec-15-grudnia-UMK-300x281.png 300w\" sizes=\"(max-width: 640px) 100vw, 640px\" \/><\/figure><\/li><\/ul><\/figure>\n\n\n\n<p>Zarz\u0105d Sekcji Socjologii M\u0142odzie\u017cy i Edukacji PTS zaprasza na seminarium im. Prof. Krystyny Szafraniec \u00a0\u00a0\u201ePokolenia i zmiana spo\u0142eczna\u201d.<\/p>\n\n\n\n<p>Seminarium odb\u0119dzie si\u0119&nbsp;<strong>15 grudnia 2023, godz. 9.30-16 w Instytucie Socjologii Uniwersytetu Miko\u0142aja Kopernika w Toruniu (Fosa Staromiejska 1a).<\/strong><\/p>\n\n\n\n<p>Seminarium b\u0119dzie po\u015bwi\u0119cone dyskusjom wok\u00f3\u0142 dorobku \u015bp. prof. Krystyny Szafraniec. Prof. Krystyna Szafraniec (1955-2022), za\u0142o\u017cycielka Sekcji Socjologii M\u0142odzie\u017cy i Edukacji PTS, wpisa\u0142a si\u0119 trwale w dorobek socjologii m\u0142odzie\u017cy, a jej prace naukowe na temat m\u0142odego pokolenia, zmiany spo\u0142ecznej czy obywatelstwa by\u0142y kluczowe do zrozumienia przemian w Polsce.<\/p>\n\n\n\n<p>Seminarium b\u0119dzie okazj\u0105 do spotkania si\u0119 w ramach Sekcji oraz dyskusji na temat rozwoju naszej subdyscypliny. Poza wyk\u0142adami i wyst\u0105pieniami, planujemy dyskusj\u0119 na temat podr\u0119cznika socjologii m\u0142odzie\u017cy, kt\u00f3ry chcemy wyda\u0107 w nadchodz\u0105cych latach. Seminarium jest inicjatyw\u0105 Sekcji i planujemy, by mia\u0142o ono charakter sta\u0142y i odbywa\u0142o si\u0119 co rok.<\/p>\n\n\n\n<p>Osoby ch\u0119tnie wyg\u0142osi\u0107 referat\/prezentacj\u0119 uprzejmie prosimy o kontakt z dr Ew\u0105 Krzaklewsk\u0105, Przewodnicz\u0105c\u0105 Sekcji &#8211;&nbsp;<a href=\"mailto:ewa.krzaklewska@uj.edu.pl\" target=\"_blank\" rel=\"noreferrer noopener\">ewa.krzaklewska@uj.edu.pl<\/a>&nbsp;do dnia 29 listopada, oraz o wysy\u0142anie propozycji wyst\u0105pienia. Mamy mo\u017cliwo\u015b\u0107 cz\u0119\u015bciowego dofinansowania podr\u00f3\u017cy osobom wyg\u0142aszaj\u0105cym referat, prosimy o zaznaczenie takiej potrzeby w zg\u0142oszeniu (bud\u017cet jest ograniczony). Organizatorzy zapewniaj\u0105 przerw\u0119 kawow\u0105. Przewidujemy sk\u0142adk\u0119 (40 z\u0142) na obiad w sto\u0142\u00f3wce akademickiej.<\/p>\n\n\n\n<p>Po seminarium planujemy publikacj\u0119 referat\u00f3w w czasopi\u015bmie&nbsp;<em>Youth in Central and Eastern Europe<\/em>&nbsp;(40 pkt).<\/p>\n\n\n\n<p>Rejestracja na seminarium jest mo\u017cliwa poprzez link:&nbsp;<a href=\"https:\/\/forms.office.com\/e\/QhBBmjajcR?fbclid=IwAR3dBzzX44xZGoXZh0pdfQIZBYGQvpKKtpYkUYJ6udQHSfVMGFfxtxS1R2Q\" target=\"_blank\" rel=\"noreferrer noopener\">https:\/\/forms.office.com\/e\/QhBBmjajcR<\/a><\/p>\n\n\n\n<p><strong>Ramowy program Seminarium:<\/strong><\/p>\n\n\n\n<p>9.30 Powitanie ze strony organizator\u00f3w oraz Zarz\u0105du Sekcji Socjologii M\u0142odzie\u017cy i Edukacji PTS<\/p>\n\n\n\n<p>9.40-10 Wspomnienie o Prof. Krystynie Szafraniec<\/p>\n\n\n\n<p>10-11.30 Wyk\u0142ady go\u015bcinne (m.in. prof. Maria Zieli\u0144ska, UZ)<\/p>\n\n\n\n<p>11.30-12 Przerwa kawowa<\/p>\n\n\n\n<p>12-13.30 \u201eRozw\u00f3j socjologii m\u0142odzie\u017cy w Polsce\u201d &#8211; wyst\u0105pienia uczestnik\u00f3w<\/p>\n\n\n\n<p>13.30-14.30 Lunch<\/p>\n\n\n\n<p>14.30 -16 \u201eWok\u00f3\u0142 podr\u0119cznika socjologii m\u0142odzie\u017cy w Polsce\u201d \u2013 dyskusja<\/p>\n\n\n\n<p>Organizatorzy:<\/p>\n\n\n\n<p>Sekcja Socjologii M\u0142odzie\u017cy i Edukacji PTS<\/p>\n\n\n\n<p>Instytut Socjologii, Uniwersytet im. Miko\u0142aja Kopernika w Toruniu<\/p>\n","protected":false},"excerpt":{"rendered":"<p>Szanowni Pa\u0144stwo, W kolejnych tygodniach, jeszcze przed ko\u0144cem roku, zapraszamy na dwa wydarzenia zorganizowane przez Sekcj\u0119 Sekcji Socjologii M\u0142odzie\u017cy i Edukacji PTS \u2013 Spotkanie autorskie online wok\u00f3\u0142 tematyki aktywno\u015bci politycznej m\u0142odego pokolenia (30 listopada 2023, o godz. 17) oraz Seminarium im. Prof. Krystyny Szafraniec \u201ePokolenia i zmiana spo\u0142eczna\u201d w UMK Toruniu (15 grudnia 2023). Szczeg\u00f3\u0142y [&hellip;]<\/p>\n","protected":false},"author":11,"featured_media":0,"comment_status":"open","ping_status":"open","sticky":false,"template":"","format":"standard","meta":[],"categories":[],"tags":[],"_links":{"self":[{"href":"https:\/\/pts.org.pl\/en\/wp-json\/wp\/v2\/posts\/6915"}],"collection":[{"href":"https:\/\/pts.org.pl\/en\/wp-json\/wp\/v2\/posts"}],"about":[{"href":"https:\/\/pts.org.pl\/en\/wp-json\/wp\/v2\/types\/post"}],"author":[{"embeddable":true,"href":"https:\/\/pts.org.pl\/en\/wp-json\/wp\/v2\/users\/11"}],"replies":[{"embeddable":true,"href":"https:\/\/pts.org.pl\/en\/wp-json\/wp\/v2\/comments?post=6915"}],"version-history":[{"count":1,"href":"https:\/\/pts.org.pl\/en\/wp-json\/wp\/v2\/posts\/6915\/revisions"}],"predecessor-version":[{"id":6917,"href":"https:\/\/pts.org.pl\/en\/wp-json\/wp\/v2\/posts\/6915\/revisions\/6917"}],"wp:attachment":[{"href":"https:\/\/pts.org.pl\/en\/wp-json\/wp\/v2\/media?parent=6915"}],"wp:term":[{"taxonomy":"category","embeddable":true,"href":"https:\/\/pts.org.pl\/en\/wp-json\/wp\/v2\/categories?post=6915"},{"taxonomy":"post_tag","embeddable":true,"href":"https:\/\/pts.org.pl\/en\/wp-json\/wp\/v2\/tags?post=6915"}],"curies":[{"name":"wp","href":"https:\/\/api.w.org\/{rel}","templated":true}]}}