{"id":6910,"date":"2023-11-22T13:00:52","date_gmt":"2023-11-22T13:00:52","guid":{"rendered":"https:\/\/pts.org.pl\/?p=6910"},"modified":"2023-11-22T13:00:55","modified_gmt":"2023-11-22T13:00:55","slug":"sekcja-socjologii-dzieci-i-dziecinstwa-pts-mapowanie-childhood-studies-w-polsce","status":"publish","type":"post","link":"https:\/\/pts.org.pl\/en\/sekcja-socjologii-dzieci-i-dziecinstwa-pts-mapowanie-childhood-studies-w-polsce\/","title":{"rendered":"Sekcja Socjologii Dzieci i Dzieci\u0144stwa PTS: Mapowanie childhood studies w Polsce\u00a0"},"content":{"rendered":"<div class=\"fcbkbttn_buttons_block\" id=\"fcbkbttn_left\"><div class=\"fcbkbttn_button\">\n                            <a href=\"https:\/\/www.facebook.com\/\" target=\"_blank\">\n                                <img src=\"https:\/\/pts.org.pl\/wp-content\/plugins\/facebook-button-plugin\/images\/standard-facebook-ico.png\" alt=\"Fb-Button\" \/>\n                            <\/a>\n                        <\/div><div class=\"fcbkbttn_like \"><fb:like href=\"https:\/\/pts.org.pl\/en\/sekcja-socjologii-dzieci-i-dziecinstwa-pts-mapowanie-childhood-studies-w-polsce\/\" action=\"like\" colorscheme=\"light\" layout=\"button_count\"  size=\"small\"><\/fb:like><\/div><\/div>\n<p><strong>15 grudnia 2023<\/strong>\u00a0w\u00a0<a rel=\"noreferrer noopener\" href=\"https:\/\/duzypokoj.org\/\" target=\"_blank\">Pracowni Du\u017cy Pok\u00f3j<\/a>\u00a0w Warszawie nowo powsta\u0142a Sekcja Socjologii Dzieci i Dzieci\u0144stwa PTS organizuje spotkanie sieciuj\u0105ce \u201eMapowanie\u00a0<em>childhood studies<\/em>\u00a0w Polsce\u201d. Serdecznie zapraszamy wszystkie osoby zainteresowane studiami nad dzieci\u0144stwem do aktywnego uczestnictwa w wydarzeniu i do zg\u0142aszania wyst\u0105pie\u0144.<\/p>\n\n\n\n<p>Celem spotkania jest integracja os\u00f3b ze \u015brodowiska akademickiego i pozaakademickiego zainteresowanych spo\u0142ecznymi badaniami z dzie\u0107mi. Spotkanie podzielone b\u0119dzie na cz\u0119\u015b\u0107 seminaryjn\u0105 i warsztatow\u0105.<\/p>\n\n\n\n<p>Podczas cz\u0119\u015bci seminaryjnej zastanowimy si\u0119 jak idea&nbsp;<em>childhood studies<\/em>&nbsp;rezonuje w polskiej praktyce badawczej, jak wspiera eksploracj\u0119 r\u00f3\u017cnych obszar\u00f3w obecno\u015bci dzieci i dziecka oraz przestrzeni wytwarzania wiedzy o dzieci\u0144stwie jako spo\u0142ecznym fenomenie. Chcemy zobaczy\u0107, jak styki mi\u0119dzy&nbsp;<em>childhood studies<\/em>&nbsp;i innymi obszarami produkowania spo\u0142ecznej wiedzy generuj\u0105 nowe rozumienia, problematyzacje, krytyczne reinterpretacje kluczowych dla studi\u00f3w nad dzieci\u0144stwem poj\u0119\u0107 takich, jak np. sprawczo\u015b\u0107, podmiotowo\u015b\u0107 i partycypacja. Osoby chc\u0105ce zaprezentowa\u0107 swoje badania, otworzy\u0107 w\u0105tki do dyskusji wok\u00f3\u0142 powy\u017cszych hase\u0142, zaproponowa\u0107 ciekawie postawione pytania czy intryguj\u0105ce problematyzacje, kt\u00f3re warto rozwija\u0107 w ramach naszych dalszych dzia\u0142a\u0144,&nbsp;<strong>zapraszamy do nadsy\u0142ania zg\u0142osze\u0144 15 minutowych wyst\u0105pie\u0144 do 30 listopada 2023<\/strong>.<\/p>\n\n\n\n<p>Cz\u0119\u015b\u0107 druga spotkania zosta\u0142a pomy\u015blana jako aktywno\u015b\u0107 sieciuj\u0105ca. Celem warsztatu b\u0119dzie zwizualizowanie po\u0142\u0105cze\u0144 w teoriach oraz dzia\u0142aniach uczestniczek i uczestnik\u00f3w konferencji. Nie ma potrzeby wysy\u0142ania zg\u0142osze\u0144 na t\u0105 cz\u0119\u015b\u0107 seminarium.<\/p>\n\n\n\n<p>Spotkanie zako\u0144czymy prezentacj\u0105 i dyskusj\u0105 na temat poradnika o tym jak rozmawia\u0107 z dzie\u0107mi i o dzieciach.<\/p>\n\n\n\n<p><strong>Call for Papers -&gt; terminy<\/strong><\/p>\n\n\n\n<p>30. 11. 2023 r. &#8211; termin wysy\u0142ania abstraktu (maksymalnie 300 s\u0142\u00f3w) na adres mailowy sekcji<\/p>\n\n\n\n<p>04. 12. 2023 r. &#8211; informacja o akceptacji wyst\u0105pienia<\/p>\n\n\n\n<p>06.12. 2023 r. &#8211; og\u0142oszenie programu<\/p>\n\n\n\n<p><strong>Udzia\u0142 w wydarzeniu jest&nbsp;bezp\u0142atny.<\/strong><\/p>\n\n\n\n<p><strong>SZCZEG\u00d3\u0141Y WYDARZENIA OPISANE S\u0104 W\u00a0PONI\u017bSZYM\u00a0PLIKU PDF<\/strong><\/p>\n\n\n\n<div class=\"wp-block-file\"><object class=\"wp-block-file__embed\" data=\"https:\/\/pts.org.pl\/wp-content\/uploads\/2023\/11\/Mapowanie-childhood-studies.pdf\" type=\"application\/pdf\" style=\"width:100%;height:600px\" aria-label=\"Osadzone z Mapowanie-childhood-studies.\"><\/object><a href=\"https:\/\/pts.org.pl\/wp-content\/uploads\/2023\/11\/Mapowanie-childhood-studies.pdf\">Mapowanie-childhood-studies<\/a><a href=\"https:\/\/pts.org.pl\/wp-content\/uploads\/2023\/11\/Mapowanie-childhood-studies.pdf\" class=\"wp-block-file__button\" download>Pobierz<\/a><\/div>\n","protected":false},"excerpt":{"rendered":"<p>15 grudnia 2023\u00a0w\u00a0Pracowni Du\u017cy Pok\u00f3j\u00a0w Warszawie nowo powsta\u0142a Sekcja Socjologii Dzieci i Dzieci\u0144stwa PTS organizuje spotkanie sieciuj\u0105ce \u201eMapowanie\u00a0childhood studies\u00a0w Polsce\u201d. Serdecznie zapraszamy wszystkie osoby zainteresowane studiami nad dzieci\u0144stwem do aktywnego uczestnictwa w wydarzeniu i do zg\u0142aszania wyst\u0105pie\u0144. Celem spotkania jest integracja os\u00f3b ze \u015brodowiska akademickiego i pozaakademickiego zainteresowanych spo\u0142ecznymi badaniami z dzie\u0107mi. Spotkanie podzielone b\u0119dzie [&hellip;]<\/p>\n","protected":false},"author":11,"featured_media":0,"comment_status":"open","ping_status":"open","sticky":false,"template":"","format":"standard","meta":[],"categories":[],"tags":[],"_links":{"self":[{"href":"https:\/\/pts.org.pl\/en\/wp-json\/wp\/v2\/posts\/6910"}],"collection":[{"href":"https:\/\/pts.org.pl\/en\/wp-json\/wp\/v2\/posts"}],"about":[{"href":"https:\/\/pts.org.pl\/en\/wp-json\/wp\/v2\/types\/post"}],"author":[{"embeddable":true,"href":"https:\/\/pts.org.pl\/en\/wp-json\/wp\/v2\/users\/11"}],"replies":[{"embeddable":true,"href":"https:\/\/pts.org.pl\/en\/wp-json\/wp\/v2\/comments?post=6910"}],"version-history":[{"count":1,"href":"https:\/\/pts.org.pl\/en\/wp-json\/wp\/v2\/posts\/6910\/revisions"}],"predecessor-version":[{"id":6912,"href":"https:\/\/pts.org.pl\/en\/wp-json\/wp\/v2\/posts\/6910\/revisions\/6912"}],"wp:attachment":[{"href":"https:\/\/pts.org.pl\/en\/wp-json\/wp\/v2\/media?parent=6910"}],"wp:term":[{"taxonomy":"category","embeddable":true,"href":"https:\/\/pts.org.pl\/en\/wp-json\/wp\/v2\/categories?post=6910"},{"taxonomy":"post_tag","embeddable":true,"href":"https:\/\/pts.org.pl\/en\/wp-json\/wp\/v2\/tags?post=6910"}],"curies":[{"name":"wp","href":"https:\/\/api.w.org\/{rel}","templated":true}]}}