{"id":6905,"date":"2023-11-17T19:06:39","date_gmt":"2023-11-17T19:06:39","guid":{"rendered":"https:\/\/pts.org.pl\/?p=6905"},"modified":"2023-11-17T19:06:41","modified_gmt":"2023-11-17T19:06:41","slug":"uwaga-odwolane-spotkanie-miedzy-misja-a-frustracja","status":"publish","type":"post","link":"https:\/\/pts.org.pl\/en\/uwaga-odwolane-spotkanie-miedzy-misja-a-frustracja\/","title":{"rendered":"UWAGA: odwo\u0142ane spotkanie &#8220;Mi\u0119dzy misj\u0105 a frustracj\u0105"},"content":{"rendered":"<div class=\"fcbkbttn_buttons_block\" id=\"fcbkbttn_left\"><div class=\"fcbkbttn_button\">\n                            <a href=\"https:\/\/www.facebook.com\/\" target=\"_blank\">\n                                <img src=\"https:\/\/pts.org.pl\/wp-content\/plugins\/facebook-button-plugin\/images\/standard-facebook-ico.png\" alt=\"Fb-Button\" \/>\n                            <\/a>\n                        <\/div><div class=\"fcbkbttn_like \"><fb:like href=\"https:\/\/pts.org.pl\/en\/uwaga-odwolane-spotkanie-miedzy-misja-a-frustracja\/\" action=\"like\" colorscheme=\"light\" layout=\"button_count\"  size=\"small\"><\/fb:like><\/div><\/div>\n<p>Szanowni Pa\u0144stwo,<\/p>\n\n\n\n<p>z przykro\u015bci\u0105 zawiadamiam, \u017ce dyskusja &#8220;Mi\u0119dzy misj\u0105 a frustracj\u0105 &#8211; przesilenie w polskiej szkole?&#8221;, kt\u00f3re by\u0142o zaplanowane na 18 listopada, nie odb\u0119dzie si\u0119 z powodu chor\u00f3b dw\u00f3ch uczestniczek naszej dyskusji.<br>Bardzo przepraszamy, \u017ca\u0142ujemy, \u017ce to spotkanie nie dojdzie do skutku i mamy nadziej\u0119, \u017ce uda si\u0119 je um\u00f3wi\u0107 w innym terminie.<\/p>\n\n\n\n<p>Pozdrawiam serdecznie<br>Sylwia M\u0119cfal<\/p>\n","protected":false},"excerpt":{"rendered":"<p>Szanowni Pa\u0144stwo, z przykro\u015bci\u0105 zawiadamiam, \u017ce dyskusja &#8220;Mi\u0119dzy misj\u0105 a frustracj\u0105 &#8211; przesilenie w polskiej szkole?&#8221;, kt\u00f3re by\u0142o zaplanowane na 18 listopada, nie odb\u0119dzie si\u0119 z powodu chor\u00f3b dw\u00f3ch uczestniczek naszej dyskusji.Bardzo przepraszamy, \u017ca\u0142ujemy, \u017ce to spotkanie nie dojdzie do skutku i mamy nadziej\u0119, \u017ce uda si\u0119 je um\u00f3wi\u0107 w innym terminie. Pozdrawiam serdecznieSylwia M\u0119cfal<\/p>\n","protected":false},"author":11,"featured_media":0,"comment_status":"open","ping_status":"open","sticky":false,"template":"","format":"standard","meta":[],"categories":[],"tags":[],"_links":{"self":[{"href":"https:\/\/pts.org.pl\/en\/wp-json\/wp\/v2\/posts\/6905"}],"collection":[{"href":"https:\/\/pts.org.pl\/en\/wp-json\/wp\/v2\/posts"}],"about":[{"href":"https:\/\/pts.org.pl\/en\/wp-json\/wp\/v2\/types\/post"}],"author":[{"embeddable":true,"href":"https:\/\/pts.org.pl\/en\/wp-json\/wp\/v2\/users\/11"}],"replies":[{"embeddable":true,"href":"https:\/\/pts.org.pl\/en\/wp-json\/wp\/v2\/comments?post=6905"}],"version-history":[{"count":1,"href":"https:\/\/pts.org.pl\/en\/wp-json\/wp\/v2\/posts\/6905\/revisions"}],"predecessor-version":[{"id":6906,"href":"https:\/\/pts.org.pl\/en\/wp-json\/wp\/v2\/posts\/6905\/revisions\/6906"}],"wp:attachment":[{"href":"https:\/\/pts.org.pl\/en\/wp-json\/wp\/v2\/media?parent=6905"}],"wp:term":[{"taxonomy":"category","embeddable":true,"href":"https:\/\/pts.org.pl\/en\/wp-json\/wp\/v2\/categories?post=6905"},{"taxonomy":"post_tag","embeddable":true,"href":"https:\/\/pts.org.pl\/en\/wp-json\/wp\/v2\/tags?post=6905"}],"curies":[{"name":"wp","href":"https:\/\/api.w.org\/{rel}","templated":true}]}}