{"id":6894,"date":"2023-10-26T11:36:00","date_gmt":"2023-10-26T11:36:00","guid":{"rendered":"https:\/\/pts.org.pl\/?p=6894"},"modified":"2023-11-16T11:38:52","modified_gmt":"2023-11-16T11:38:52","slug":"konferencja-sekcji-socjologii-migracji","status":"publish","type":"post","link":"https:\/\/pts.org.pl\/en\/konferencja-sekcji-socjologii-migracji\/","title":{"rendered":"Konferencja Sekcji Socjologii Migracji"},"content":{"rendered":"<div class=\"fcbkbttn_buttons_block\" id=\"fcbkbttn_left\"><div class=\"fcbkbttn_button\">\n                            <a href=\"https:\/\/www.facebook.com\/\" target=\"_blank\">\n                                <img src=\"https:\/\/pts.org.pl\/wp-content\/plugins\/facebook-button-plugin\/images\/standard-facebook-ico.png\" alt=\"Fb-Button\" \/>\n                            <\/a>\n                        <\/div><div class=\"fcbkbttn_like \"><fb:like href=\"https:\/\/pts.org.pl\/en\/konferencja-sekcji-socjologii-migracji\/\" action=\"like\" colorscheme=\"light\" layout=\"button_count\"  size=\"small\"><\/fb:like><\/div><\/div>\n<p>Serdecznie zapraszamy na konferencj\u0119 organizowan\u0105 przez Sekcj\u0119 Socjologii Migracji PTS wsp\u00f3lnie z Collegium Civitas oraz Instytutem Filozofii i Socjologii PAN.<br>Temat: Vulnerability &#8211; Intersectionality &#8211; Migration. Challenges and Responses<br>Termin: 4-5 grudnia 2023 (online)<\/p>\n\n\n\n<p>Przyjmujemy zg\u0142oszenia abstrakt\u00f3w (w j\u0119zyku polskim oraz angielskim) do 15 listopada 2023<\/p>\n\n\n\n<p>Szczeg\u00f3\u0142y na stronie:<\/p>\n\n\n\n<figure class=\"wp-block-embed is-type-wp-embed is-provider-instytut-filozofii-i-socjologii-polskiej-akademii-nauk wp-block-embed-instytut-filozofii-i-socjologii-polskiej-akademii-nauk\"><div class=\"wp-block-embed__wrapper\">\n<blockquote class=\"wp-embedded-content\" data-secret=\"rSbuKHsK8b\"><a href=\"https:\/\/ifispan.pl\/cfp-vulnerability-intersectionality-migration-challenges-and-responses\/\">CfP: Vulnerability &#8211; Intersectionality &#8211; Migration. Challenges and Responses.<\/a><\/blockquote><iframe class=\"wp-embedded-content\" sandbox=\"allow-scripts\" security=\"restricted\" style=\"position: absolute; clip: rect(1px, 1px, 1px, 1px);\" title=\"&#8222;CfP: Vulnerability &#8211; Intersectionality &#8211; Migration. Challenges and Responses.&#8221; &#8212; Instytut Filozofii i Socjologii Polskiej Akademii Nauk\" src=\"https:\/\/ifispan.pl\/cfp-vulnerability-intersectionality-migration-challenges-and-responses\/embed\/#?secret=rSbuKHsK8b\" data-secret=\"rSbuKHsK8b\" width=\"500\" height=\"282\" frameborder=\"0\" marginwidth=\"0\" marginheight=\"0\" scrolling=\"no\"><\/iframe>\n<\/div><\/figure>\n","protected":false},"excerpt":{"rendered":"<p>Serdecznie zapraszamy na konferencj\u0119 organizowan\u0105 przez Sekcj\u0119 Socjologii Migracji PTS wsp\u00f3lnie z Collegium Civitas oraz Instytutem Filozofii i Socjologii PAN.Temat: Vulnerability &#8211; Intersectionality &#8211; Migration. Challenges and ResponsesTermin: 4-5 grudnia 2023 (online) Przyjmujemy zg\u0142oszenia abstrakt\u00f3w (w j\u0119zyku polskim oraz angielskim) do 15 listopada 2023 Szczeg\u00f3\u0142y na stronie:<\/p>\n","protected":false},"author":11,"featured_media":0,"comment_status":"open","ping_status":"open","sticky":false,"template":"","format":"standard","meta":[],"categories":[],"tags":[],"_links":{"self":[{"href":"https:\/\/pts.org.pl\/en\/wp-json\/wp\/v2\/posts\/6894"}],"collection":[{"href":"https:\/\/pts.org.pl\/en\/wp-json\/wp\/v2\/posts"}],"about":[{"href":"https:\/\/pts.org.pl\/en\/wp-json\/wp\/v2\/types\/post"}],"author":[{"embeddable":true,"href":"https:\/\/pts.org.pl\/en\/wp-json\/wp\/v2\/users\/11"}],"replies":[{"embeddable":true,"href":"https:\/\/pts.org.pl\/en\/wp-json\/wp\/v2\/comments?post=6894"}],"version-history":[{"count":1,"href":"https:\/\/pts.org.pl\/en\/wp-json\/wp\/v2\/posts\/6894\/revisions"}],"predecessor-version":[{"id":6895,"href":"https:\/\/pts.org.pl\/en\/wp-json\/wp\/v2\/posts\/6894\/revisions\/6895"}],"wp:attachment":[{"href":"https:\/\/pts.org.pl\/en\/wp-json\/wp\/v2\/media?parent=6894"}],"wp:term":[{"taxonomy":"category","embeddable":true,"href":"https:\/\/pts.org.pl\/en\/wp-json\/wp\/v2\/categories?post=6894"},{"taxonomy":"post_tag","embeddable":true,"href":"https:\/\/pts.org.pl\/en\/wp-json\/wp\/v2\/tags?post=6894"}],"curies":[{"name":"wp","href":"https:\/\/api.w.org\/{rel}","templated":true}]}}