{"id":6889,"date":"2023-10-31T11:50:00","date_gmt":"2023-10-31T11:50:00","guid":{"rendered":"https:\/\/pts.org.pl\/?p=6889"},"modified":"2023-11-16T11:31:17","modified_gmt":"2023-11-16T11:31:17","slug":"60-rocznica-smierci-prof-stanislawa-ossowskiego-1897-1963","status":"publish","type":"post","link":"https:\/\/pts.org.pl\/en\/60-rocznica-smierci-prof-stanislawa-ossowskiego-1897-1963\/","title":{"rendered":"60. rocznica \u015bmierci prof. Stanis\u0142awa Ossowskiego (1897-1963)"},"content":{"rendered":"<div class=\"fcbkbttn_buttons_block\" id=\"fcbkbttn_left\"><div class=\"fcbkbttn_button\">\n                            <a href=\"https:\/\/www.facebook.com\/\" target=\"_blank\">\n                                <img src=\"https:\/\/pts.org.pl\/wp-content\/plugins\/facebook-button-plugin\/images\/standard-facebook-ico.png\" alt=\"Fb-Button\" \/>\n                            <\/a>\n                        <\/div><div class=\"fcbkbttn_like \"><fb:like href=\"https:\/\/pts.org.pl\/en\/60-rocznica-smierci-prof-stanislawa-ossowskiego-1897-1963\/\" action=\"like\" colorscheme=\"light\" layout=\"button_count\"  size=\"small\"><\/fb:like><\/div><\/div>\n<p>7 listopada mija 60. rocznica \u015bmierci prof. Stanis\u0142awa Ossowskiego (1897-1963), wybitnego socjologa, wsp\u00f3\u0142tw\u00f3rcy i pierwszego przewodnicz\u0105cego&nbsp;<a href=\"https:\/\/pl.wikipedia.org\/wiki\/Polskie_Towarzystwo_Socjologiczne\" target=\"_blank\" rel=\"noreferrer noopener\">Polskiego Towarzystwa Socjologiczne<\/a>go.<\/p>\n\n\n\n<p>Zarz\u0105d PTS i Katedra Metodologii i Teorii Socjologicznej Wydzia\u0142u Socjologii UW (spadkobierczyni kierowanej przez prof. Ossowskiego Katedry Socjologii) zapraszaj\u0105 na spotkanie przy grobie Stanis\u0142awa Ossowskiego na cmentarzu komunalnym Pow\u0105zki Wojskowe (ul. Pow\u0105zkowska 43\/45),&nbsp;kwatera C2, rz\u0105d 9, miejsce 9 (od g\u0142\u00f3wnej bramy pierwsza aleja w lewo)&nbsp;<strong>7 listopada (wtorek) o 15:00<\/strong>.&nbsp;&nbsp;&nbsp;&nbsp;<\/p>\n","protected":false},"excerpt":{"rendered":"<p>7 listopada mija 60. rocznica \u015bmierci prof. Stanis\u0142awa Ossowskiego (1897-1963), wybitnego socjologa, wsp\u00f3\u0142tw\u00f3rcy i pierwszego przewodnicz\u0105cego&nbsp;Polskiego Towarzystwa Socjologicznego. Zarz\u0105d PTS i Katedra Metodologii i Teorii Socjologicznej Wydzia\u0142u Socjologii UW (spadkobierczyni kierowanej przez prof. Ossowskiego Katedry Socjologii) zapraszaj\u0105 na spotkanie przy grobie Stanis\u0142awa Ossowskiego na cmentarzu komunalnym Pow\u0105zki Wojskowe (ul. Pow\u0105zkowska 43\/45),&nbsp;kwatera C2, rz\u0105d 9, miejsce [&hellip;]<\/p>\n","protected":false},"author":11,"featured_media":0,"comment_status":"open","ping_status":"open","sticky":false,"template":"","format":"standard","meta":[],"categories":[],"tags":[],"_links":{"self":[{"href":"https:\/\/pts.org.pl\/en\/wp-json\/wp\/v2\/posts\/6889"}],"collection":[{"href":"https:\/\/pts.org.pl\/en\/wp-json\/wp\/v2\/posts"}],"about":[{"href":"https:\/\/pts.org.pl\/en\/wp-json\/wp\/v2\/types\/post"}],"author":[{"embeddable":true,"href":"https:\/\/pts.org.pl\/en\/wp-json\/wp\/v2\/users\/11"}],"replies":[{"embeddable":true,"href":"https:\/\/pts.org.pl\/en\/wp-json\/wp\/v2\/comments?post=6889"}],"version-history":[{"count":1,"href":"https:\/\/pts.org.pl\/en\/wp-json\/wp\/v2\/posts\/6889\/revisions"}],"predecessor-version":[{"id":6890,"href":"https:\/\/pts.org.pl\/en\/wp-json\/wp\/v2\/posts\/6889\/revisions\/6890"}],"wp:attachment":[{"href":"https:\/\/pts.org.pl\/en\/wp-json\/wp\/v2\/media?parent=6889"}],"wp:term":[{"taxonomy":"category","embeddable":true,"href":"https:\/\/pts.org.pl\/en\/wp-json\/wp\/v2\/categories?post=6889"},{"taxonomy":"post_tag","embeddable":true,"href":"https:\/\/pts.org.pl\/en\/wp-json\/wp\/v2\/tags?post=6889"}],"curies":[{"name":"wp","href":"https:\/\/api.w.org\/{rel}","templated":true}]}}