{"id":6886,"date":"2023-11-06T11:26:00","date_gmt":"2023-11-06T11:26:00","guid":{"rendered":"https:\/\/pts.org.pl\/?p=6886"},"modified":"2023-11-16T11:28:18","modified_gmt":"2023-11-16T11:28:18","slug":"rownosc-zinstytucjonalizowana-plany-rownosci-plci-i-doswiadczenia-uczelni-w-polsce","status":"publish","type":"post","link":"https:\/\/pts.org.pl\/en\/rownosc-zinstytucjonalizowana-plany-rownosci-plci-i-doswiadczenia-uczelni-w-polsce\/","title":{"rendered":"R\u00f3wno\u015b\u0107 zinstytucjonalizowana. Plany R\u00f3wno\u015bci P\u0142ci i do\u015bwiadczenia uczelni w Polsce"},"content":{"rendered":"<div class=\"fcbkbttn_buttons_block\" id=\"fcbkbttn_left\"><div class=\"fcbkbttn_button\">\n                            <a href=\"https:\/\/www.facebook.com\/\" target=\"_blank\">\n                                <img src=\"https:\/\/pts.org.pl\/wp-content\/plugins\/facebook-button-plugin\/images\/standard-facebook-ico.png\" alt=\"Fb-Button\" \/>\n                            <\/a>\n                        <\/div><div class=\"fcbkbttn_like \"><fb:like href=\"https:\/\/pts.org.pl\/en\/rownosc-zinstytucjonalizowana-plany-rownosci-plci-i-doswiadczenia-uczelni-w-polsce\/\" action=\"like\" colorscheme=\"light\" layout=\"button_count\"  size=\"small\"><\/fb:like><\/div><\/div>\n<p>Drogie Osoby,<\/p>\n\n\n\n<p>zapraszamy na drugie spotkanie ONLINE z cyklu<\/p>\n\n\n\n<p><strong>R\u00f3wno\u015b\u0107 zinstytucjonalizowana. Plany R\u00f3wno\u015bci P\u0142ci i do\u015bwiadczenia uczelni w Polsce<\/strong><\/p>\n\n\n\n<p>W 2022 roku Komisja Europejska wprowadzi\u0142a wym\u00f3g posiadania Plan\u00f3w R\u00f3wno\u015bci P\u0142ci przez wszystkie jednostki naukowe wnioskuj\u0105ce o przyznanie \u015brodk\u00f3w w programie Horyzont Europa. W trakcie spotkania zesp\u00f3\u0142 projektu INSPIRE* (w sk\u0142adzie: dr Ewa Krzaklewska, dr Marta Warat, dr Paulina Seku\u0142a, dr Anna Ratecka oraz mgr Karolina Sikora) opowie o procesie wdra\u017cania Plan\u00f3w R\u00f3wno\u015bci P\u0142ci w Polsce.<\/p>\n\n\n\n<p>W pierwszej cz\u0119\u015bci spotkania przedstawione zostan\u0105 wnioski z przegl\u0105du literatury (scoping review) na temat wprowadzania Plan\u00f3w R\u00f3wno\u015bci P\u0142ci w Europie \u015arodkowo-Wschodniej. Wykorzystane b\u0119d\u0105 zar\u00f3wno materia\u0142y pochodz\u0105ce z baz danych artyku\u0142\u00f3w, jak i \u017ar\u00f3d\u0142a wskazane przez ekspert\u00f3w lokalnych. Druga cz\u0119\u015b\u0107 po\u015bwi\u0119cona b\u0119dzie analizie 83 Plan\u00f3w R\u00f3wno\u015bci P\u0142ci funkcjonuj\u0105cych w polskich uniwersytetach i instytutach badawczych.&nbsp;<\/p>\n\n\n\n<p>Badaczki z Uniwersytetu Jagiello\u0144skiego podejm\u0105 si\u0119 refleksji nad Planami R\u00f3wno\u015bci P\u0142ci w Polsce oraz warunkami koniecznymi do ich wdra\u017cania. Scharakteryzuj\u0105 te dokumenty w zakresie planowanych obszar\u00f3w interwencji, podej\u015bcia intersekcjonalnego, przewidzianych zasob\u00f3w w procesie wdra\u017cania i monitorowania zawartych w nich rozwi\u0105za\u0144 oraz inkluzywno\u015bci u\u017cywanego w nich j\u0119zyka. Powiedz\u0105 o czynnikach, kt\u00f3re wspieraj\u0105 wdra\u017canie Plan\u00f3w R\u00f3wno\u015bci P\u0142ci, oraz o tym, co stanowi problem w Polsce i w naszym regionie.<\/p>\n\n\n\n<p>Trzecia cz\u0119\u015b\u0107 spotkania po\u015bwi\u0119cona b\u0119dzie dyskusji na temat wprowadzania Plan\u00f3w R\u00f3wno\u015bci P\u0142ci w Pa\u0144stwa organizacjach.<\/p>\n\n\n\n<p>Prosimy osoby zainteresowane uczestnictwem w spotkaniu o zg\u0142oszenie emailowe na adres&nbsp;<a href=\"mailto:socjologia.plci.pts@gmail.com\" target=\"_blank\" rel=\"noreferrer noopener\">socjologia.plci.pts@gmail.com<\/a>&nbsp;do&nbsp;<strong>8 listopada 2023 r.<\/strong>&nbsp; W dniu spotkania do os\u00f3b zarejestrowanych zostanie wys\u0142any link.<\/p>\n\n\n\n<p>Zapraszamy!<\/p>\n\n\n\n<p>W imieniu Sekcji Socjologii P\u0142ci PTS<\/p>\n\n\n\n<p>Ewelina Ciaputa<\/p>\n\n\n\n<p>* Badania prowadzone s\u0105 w ramach projektu INSPIRE \u201eEuropean Centre of Excellence on Inclusive Gender Equality in Research and Innovation\u201d finansowanego przez program Unii Europejskiej Horyzont Europa (umowa Nr 101058537),\u00a0<a rel=\"noreferrer noopener\" href=\"https:\/\/www.inspirequality.eu\/\" target=\"_blank\">https:\/\/www.inspirequality.eu\/<\/a><\/p>\n\n\n\n<figure class=\"wp-block-image size-full\"><img loading=\"lazy\" width=\"800\" height=\"800\" src=\"https:\/\/pts.org.pl\/wp-content\/uploads\/2023\/11\/Rownosc-zinstytucjonalizowana-2.jpg\" alt=\"\" class=\"wp-image-6887\" srcset=\"https:\/\/pts.org.pl\/wp-content\/uploads\/2023\/11\/Rownosc-zinstytucjonalizowana-2.jpg 800w, https:\/\/pts.org.pl\/wp-content\/uploads\/2023\/11\/Rownosc-zinstytucjonalizowana-2-300x300.jpg 300w, https:\/\/pts.org.pl\/wp-content\/uploads\/2023\/11\/Rownosc-zinstytucjonalizowana-2-150x150.jpg 150w, https:\/\/pts.org.pl\/wp-content\/uploads\/2023\/11\/Rownosc-zinstytucjonalizowana-2-768x768.jpg 768w\" sizes=\"(max-width: 800px) 100vw, 800px\" \/><\/figure>\n","protected":false},"excerpt":{"rendered":"<p>Drogie Osoby, zapraszamy na drugie spotkanie ONLINE z cyklu R\u00f3wno\u015b\u0107 zinstytucjonalizowana. Plany R\u00f3wno\u015bci P\u0142ci i do\u015bwiadczenia uczelni w Polsce W 2022 roku Komisja Europejska wprowadzi\u0142a wym\u00f3g posiadania Plan\u00f3w R\u00f3wno\u015bci P\u0142ci przez wszystkie jednostki naukowe wnioskuj\u0105ce o przyznanie \u015brodk\u00f3w w programie Horyzont Europa. W trakcie spotkania zesp\u00f3\u0142 projektu INSPIRE* (w sk\u0142adzie: dr Ewa Krzaklewska, dr Marta [&hellip;]<\/p>\n","protected":false},"author":11,"featured_media":0,"comment_status":"open","ping_status":"open","sticky":false,"template":"","format":"standard","meta":[],"categories":[],"tags":[],"_links":{"self":[{"href":"https:\/\/pts.org.pl\/en\/wp-json\/wp\/v2\/posts\/6886"}],"collection":[{"href":"https:\/\/pts.org.pl\/en\/wp-json\/wp\/v2\/posts"}],"about":[{"href":"https:\/\/pts.org.pl\/en\/wp-json\/wp\/v2\/types\/post"}],"author":[{"embeddable":true,"href":"https:\/\/pts.org.pl\/en\/wp-json\/wp\/v2\/users\/11"}],"replies":[{"embeddable":true,"href":"https:\/\/pts.org.pl\/en\/wp-json\/wp\/v2\/comments?post=6886"}],"version-history":[{"count":1,"href":"https:\/\/pts.org.pl\/en\/wp-json\/wp\/v2\/posts\/6886\/revisions"}],"predecessor-version":[{"id":6888,"href":"https:\/\/pts.org.pl\/en\/wp-json\/wp\/v2\/posts\/6886\/revisions\/6888"}],"wp:attachment":[{"href":"https:\/\/pts.org.pl\/en\/wp-json\/wp\/v2\/media?parent=6886"}],"wp:term":[{"taxonomy":"category","embeddable":true,"href":"https:\/\/pts.org.pl\/en\/wp-json\/wp\/v2\/categories?post=6886"},{"taxonomy":"post_tag","embeddable":true,"href":"https:\/\/pts.org.pl\/en\/wp-json\/wp\/v2\/tags?post=6886"}],"curies":[{"name":"wp","href":"https:\/\/api.w.org\/{rel}","templated":true}]}}