{"id":6880,"date":"2023-11-14T11:18:00","date_gmt":"2023-11-14T11:18:00","guid":{"rendered":"https:\/\/pts.org.pl\/?p=6880"},"modified":"2023-11-16T11:21:33","modified_gmt":"2023-11-16T11:21:33","slug":"zaproszenie-na-seminarium-sekcji-socjologii-zycia-rodzinnego-i-intymnosci-17-11-2023","status":"publish","type":"post","link":"https:\/\/pts.org.pl\/en\/zaproszenie-na-seminarium-sekcji-socjologii-zycia-rodzinnego-i-intymnosci-17-11-2023\/","title":{"rendered":"Zaproszenie na seminarium Sekcji Socjologii \u017bycia Rodzinnego i Intymno\u015bci &#8211; 17.11.2023"},"content":{"rendered":"<div class=\"fcbkbttn_buttons_block\" id=\"fcbkbttn_left\"><div class=\"fcbkbttn_button\">\n                            <a href=\"https:\/\/www.facebook.com\/\" target=\"_blank\">\n                                <img src=\"https:\/\/pts.org.pl\/wp-content\/plugins\/facebook-button-plugin\/images\/standard-facebook-ico.png\" alt=\"Fb-Button\" \/>\n                            <\/a>\n                        <\/div><div class=\"fcbkbttn_like \"><fb:like href=\"https:\/\/pts.org.pl\/en\/zaproszenie-na-seminarium-sekcji-socjologii-zycia-rodzinnego-i-intymnosci-17-11-2023\/\" action=\"like\" colorscheme=\"light\" layout=\"button_count\"  size=\"small\"><\/fb:like><\/div><\/div>\n<p>Szanowni Pa\u0144stwo,<\/p>\n\n\n\n<p>Wydzia\u0142 Socjologii UAM, Sekcja Socjologii \u017bycia Rodzinnego i Intymno\u015bci PTS oraz Zak\u0142ad Socjologii Jednostki i Relacji Spo\u0142ecznych WS UAM zapraszaj\u0105 na seminarium &#8220;Spo\u0142eczna rzeczywisto\u015b\u0107 rodzin&#8221;. Odb\u0119dzie ono<br>17 listopada 2023r.,&nbsp; na Wydziale Socjologii UAM ul. Szamarzewskiego<br>89\/91 Pozna\u0144, s. 107 bud. D.<\/p>\n\n\n\n<p>Spotkanie ma charakter hybrydowy. Link do spotkania:<br>Seminarium (Sesja I) \u2013 \u201eFamiliologia &#8211; wsp\u00f3\u0142czesne dyskursy o rodzinie.<br>Czy i komu jest potrzebna definicja rodziny?\u201d \u2013 pi\u0105tek, 17.11 g.<br>11:30-13:15<\/p>\n\n\n\n<p>Seminarium (Sesja II) \u2013 \u201ePrzedstawiciele organizacji pozarz\u0105dowych jako aktorzy spo\u0142eczni w publicznym dyskursie o rodzinach w Polsce\u201d \u2013 pi\u0105tek,<br>17.11 g. 14:15-16:00<\/p>\n\n\n\n<p>Szczeg\u00f3\u0142owe informacje na plakacie w za\u0142\u0105czniku.<\/p>\n\n\n\n<p>Zapraszamy r\u00f3wnie\u017c na stron\u0119 Sekcji na FB:<br><a href=\"https:\/\/www.facebook.com\/Sekcja-Socjologii-%C5%BBycia-Rodzinnego-i-Intymno%C5%9Bci-\" target=\"_blank\" rel=\"noreferrer noopener\">https:\/\/www.facebook.com\/Sekcja-Socjologii-%C5%BBycia-Rodzinnego-i-Intymno%C5%9Bci-<\/a><br>PTS-103026391756349\/?notif_id=1610628806541710&amp;notif_t=page_fan&amp;ref=notif<\/p>\n\n\n\n<p>Serdecznie zapraszamy!<\/p>\n\n\n\n<div class=\"wp-block-file\"><object class=\"wp-block-file__embed\" data=\"https:\/\/pts.org.pl\/wp-content\/uploads\/2023\/11\/Program-Seminarium-o-rodzinach_Poznan-17.11.2023-r..pdf\" type=\"application\/pdf\" style=\"width:100%;height:600px\" aria-label=\"Osadzone z Program-Seminarium-o-rodzinach_Poznan-17.11.2023-r..\"><\/object><a href=\"https:\/\/pts.org.pl\/wp-content\/uploads\/2023\/11\/Program-Seminarium-o-rodzinach_Poznan-17.11.2023-r..pdf\">Program-Seminarium-o-rodzinach_Poznan-17.11.2023-r.<\/a><a href=\"https:\/\/pts.org.pl\/wp-content\/uploads\/2023\/11\/Program-Seminarium-o-rodzinach_Poznan-17.11.2023-r..pdf\" class=\"wp-block-file__button\" download>Pobierz<\/a><\/div>\n","protected":false},"excerpt":{"rendered":"<p>Szanowni Pa\u0144stwo, Wydzia\u0142 Socjologii UAM, Sekcja Socjologii \u017bycia Rodzinnego i Intymno\u015bci PTS oraz Zak\u0142ad Socjologii Jednostki i Relacji Spo\u0142ecznych WS UAM zapraszaj\u0105 na seminarium &#8220;Spo\u0142eczna rzeczywisto\u015b\u0107 rodzin&#8221;. Odb\u0119dzie ono17 listopada 2023r.,&nbsp; na Wydziale Socjologii UAM ul. Szamarzewskiego89\/91 Pozna\u0144, s. 107 bud. D. Spotkanie ma charakter hybrydowy. Link do spotkania:Seminarium (Sesja I) \u2013 \u201eFamiliologia &#8211; wsp\u00f3\u0142czesne [&hellip;]<\/p>\n","protected":false},"author":11,"featured_media":0,"comment_status":"open","ping_status":"open","sticky":false,"template":"","format":"standard","meta":[],"categories":[],"tags":[],"_links":{"self":[{"href":"https:\/\/pts.org.pl\/en\/wp-json\/wp\/v2\/posts\/6880"}],"collection":[{"href":"https:\/\/pts.org.pl\/en\/wp-json\/wp\/v2\/posts"}],"about":[{"href":"https:\/\/pts.org.pl\/en\/wp-json\/wp\/v2\/types\/post"}],"author":[{"embeddable":true,"href":"https:\/\/pts.org.pl\/en\/wp-json\/wp\/v2\/users\/11"}],"replies":[{"embeddable":true,"href":"https:\/\/pts.org.pl\/en\/wp-json\/wp\/v2\/comments?post=6880"}],"version-history":[{"count":1,"href":"https:\/\/pts.org.pl\/en\/wp-json\/wp\/v2\/posts\/6880\/revisions"}],"predecessor-version":[{"id":6882,"href":"https:\/\/pts.org.pl\/en\/wp-json\/wp\/v2\/posts\/6880\/revisions\/6882"}],"wp:attachment":[{"href":"https:\/\/pts.org.pl\/en\/wp-json\/wp\/v2\/media?parent=6880"}],"wp:term":[{"taxonomy":"category","embeddable":true,"href":"https:\/\/pts.org.pl\/en\/wp-json\/wp\/v2\/categories?post=6880"},{"taxonomy":"post_tag","embeddable":true,"href":"https:\/\/pts.org.pl\/en\/wp-json\/wp\/v2\/tags?post=6880"}],"curies":[{"name":"wp","href":"https:\/\/api.w.org\/{rel}","templated":true}]}}