{"id":6869,"date":"2023-10-26T07:27:00","date_gmt":"2023-10-26T07:27:00","guid":{"rendered":"https:\/\/pts.org.pl\/?p=6869"},"modified":"2023-11-13T22:32:49","modified_gmt":"2023-11-13T22:32:49","slug":"konferencja-vulnerability-intersectionality-migration-challenges-and-responses","status":"publish","type":"post","link":"https:\/\/pts.org.pl\/en\/konferencja-vulnerability-intersectionality-migration-challenges-and-responses\/","title":{"rendered":"Conference: Vulnerability &#8211; Intersectionality &#8211; Migration. Challenges and Responses"},"content":{"rendered":"<div class=\"fcbkbttn_buttons_block\" id=\"fcbkbttn_left\"><div class=\"fcbkbttn_button\">\n                            <a href=\"https:\/\/www.facebook.com\/\" target=\"_blank\">\n                                <img src=\"https:\/\/pts.org.pl\/wp-content\/plugins\/facebook-button-plugin\/images\/standard-facebook-ico.png\" alt=\"Fb-Button\" \/>\n                            <\/a>\n                        <\/div><div class=\"fcbkbttn_like \"><fb:like href=\"https:\/\/pts.org.pl\/en\/konferencja-vulnerability-intersectionality-migration-challenges-and-responses\/\" action=\"like\" colorscheme=\"light\" layout=\"button_count\"  size=\"small\"><\/fb:like><\/div><\/div>\n<p>Serdecznie zapraszamy na konferencj\u0119 organizowan\u0105 przez Sekcj\u0119 Socjologii Migracji PTS wsp\u00f3lnie z Collegium Civitas oraz Instytutem Filozofii i Socjologii PAN.<br><\/p>\n\n\n\n<p>Temat: Vulnerability &#8211; Intersectionality &#8211; Migration. Challenges and Responses<br><\/p>\n\n\n\n<p>Termin: 4-5 grudnia 2023 (online). Przyjmujemy zg\u0142oszenia abstrakt\u00f3w (w j\u0119zyku polskim oraz angielskim) do 15 listopada 2023. <\/p>\n\n\n\n<p>Szczeg\u00f3\u0142y w za\u0142\u0105czniku\u00a0oraz na stronie<a rel=\"noreferrer noopener\" href=\"https:\/\/ifispan.pl\/cfp-vulnerability-intersectionality-migration-challenges-and-responses\/\" target=\"_blank\">https:\/\/ifispan.pl\/cfp-vulnerability-intersectionality-migration-challenges-and-responses\/<\/a><\/p>\n\n\n\n<figure class=\"wp-block-image size-large\"><img loading=\"lazy\" width=\"796\" height=\"1024\" src=\"https:\/\/pts.org.pl\/wp-content\/uploads\/2023\/11\/CFP-JPG-FB-INTERSECTIONALITY-796x1024.png\" alt=\"\" class=\"wp-image-6870\" srcset=\"https:\/\/pts.org.pl\/wp-content\/uploads\/2023\/11\/CFP-JPG-FB-INTERSECTIONALITY-796x1024.png 796w, https:\/\/pts.org.pl\/wp-content\/uploads\/2023\/11\/CFP-JPG-FB-INTERSECTIONALITY-233x300.png 233w, https:\/\/pts.org.pl\/wp-content\/uploads\/2023\/11\/CFP-JPG-FB-INTERSECTIONALITY-768x989.png 768w, https:\/\/pts.org.pl\/wp-content\/uploads\/2023\/11\/CFP-JPG-FB-INTERSECTIONALITY.png 1170w\" sizes=\"(max-width: 796px) 100vw, 796px\" \/><\/figure>\n","protected":false},"excerpt":{"rendered":"<p>Serdecznie zapraszamy na konferencj\u0119 organizowan\u0105 przez Sekcj\u0119 Socjologii Migracji PTS wsp\u00f3lnie z Collegium Civitas oraz Instytutem Filozofii i Socjologii PAN. Temat: Vulnerability &#8211; Intersectionality &#8211; Migration. Challenges and Responses Termin: 4-5 grudnia 2023 (online). Przyjmujemy zg\u0142oszenia abstrakt\u00f3w (w j\u0119zyku polskim oraz angielskim) do 15 listopada 2023. Szczeg\u00f3\u0142y w za\u0142\u0105czniku\u00a0oraz na stroniehttps:\/\/ifispan.pl\/cfp-vulnerability-intersectionality-migration-challenges-and-responses\/<\/p>\n","protected":false},"author":11,"featured_media":0,"comment_status":"open","ping_status":"open","sticky":false,"template":"","format":"standard","meta":[],"categories":[],"tags":[],"_links":{"self":[{"href":"https:\/\/pts.org.pl\/en\/wp-json\/wp\/v2\/posts\/6869"}],"collection":[{"href":"https:\/\/pts.org.pl\/en\/wp-json\/wp\/v2\/posts"}],"about":[{"href":"https:\/\/pts.org.pl\/en\/wp-json\/wp\/v2\/types\/post"}],"author":[{"embeddable":true,"href":"https:\/\/pts.org.pl\/en\/wp-json\/wp\/v2\/users\/11"}],"replies":[{"embeddable":true,"href":"https:\/\/pts.org.pl\/en\/wp-json\/wp\/v2\/comments?post=6869"}],"version-history":[{"count":2,"href":"https:\/\/pts.org.pl\/en\/wp-json\/wp\/v2\/posts\/6869\/revisions"}],"predecessor-version":[{"id":6872,"href":"https:\/\/pts.org.pl\/en\/wp-json\/wp\/v2\/posts\/6869\/revisions\/6872"}],"wp:attachment":[{"href":"https:\/\/pts.org.pl\/en\/wp-json\/wp\/v2\/media?parent=6869"}],"wp:term":[{"taxonomy":"category","embeddable":true,"href":"https:\/\/pts.org.pl\/en\/wp-json\/wp\/v2\/categories?post=6869"},{"taxonomy":"post_tag","embeddable":true,"href":"https:\/\/pts.org.pl\/en\/wp-json\/wp\/v2\/tags?post=6869"}],"curies":[{"name":"wp","href":"https:\/\/api.w.org\/{rel}","templated":true}]}}