{"id":6859,"date":"2023-11-11T21:30:00","date_gmt":"2023-11-11T21:30:00","guid":{"rendered":"https:\/\/pts.org.pl\/?p=6859"},"modified":"2023-11-13T21:53:58","modified_gmt":"2023-11-13T21:53:58","slug":"zaproszenie-do-udzialu-w-konferencji-socjologia-ciala-i-socjologia-sportu-stan-badan-i-wzajemne-inspiracje","status":"publish","type":"post","link":"https:\/\/pts.org.pl\/en\/zaproszenie-do-udzialu-w-konferencji-socjologia-ciala-i-socjologia-sportu-stan-badan-i-wzajemne-inspiracje\/","title":{"rendered":"Zaproszenie do udzia\u0142u w konferencji &#8220;Socjologia cia\u0142a i socjologia sportu. Stan bada\u0144 i wzajemne inspiracje&#8221;"},"content":{"rendered":"<div class=\"fcbkbttn_buttons_block\" id=\"fcbkbttn_left\"><div class=\"fcbkbttn_button\">\n                            <a href=\"https:\/\/www.facebook.com\/\" target=\"_blank\">\n                                <img src=\"https:\/\/pts.org.pl\/wp-content\/plugins\/facebook-button-plugin\/images\/standard-facebook-ico.png\" alt=\"Fb-Button\" \/>\n                            <\/a>\n                        <\/div><div class=\"fcbkbttn_like \"><fb:like href=\"https:\/\/pts.org.pl\/en\/zaproszenie-do-udzialu-w-konferencji-socjologia-ciala-i-socjologia-sportu-stan-badan-i-wzajemne-inspiracje\/\" action=\"like\" colorscheme=\"light\" layout=\"button_count\"  size=\"small\"><\/fb:like><\/div><\/div>\n<p>Szanowni Pa\u0144stwo,<\/p>\n\n\n\n<p>Serdecznie zapraszamy do udzia\u0142u w konferencji &#8220;Socjologia cia\u0142a i socjologia sportu. Stan bada\u0144 i wzajemne inspiracje&#8221;, kt\u00f3ra odb\u0119dzie si\u0119 w dniach 16-17 listopada 2023 r. na Wydziale Ekonomiczno-Socjologicznym U\u0141. <\/p>\n\n\n\n<p>Organizatorami konferencji s\u0105 Sekcja Socjologii Cia\u0142a, Sekcja Socjologii Sportu i\u00a0Oddzia\u0142 \u0141\u00f3dzki Polskiego Towarzystwa Socjologicznego oraz Instytut Socjologii U\u0141.<\/p>\n\n\n\n<p><a href=\"https:\/\/www.socjologia-ciala.uni.lodz.pl\/szczegoly-wydarzenia\/socjologia-ciala-i-socjologia-sportu-stan-badan-i-wzajemne-inspiracje\">Program konferencji<\/a><\/p>\n\n\n\n<p>w imieniu organizator\u00f3w<\/p>\n\n\n\n<p>dr Dominika Byczkowska-Owczarek<\/p>\n\n\n\n<p>dr Jakub Ryszard Stempie\u0144<\/p>\n","protected":false},"excerpt":{"rendered":"<p>Szanowni Pa\u0144stwo, Serdecznie zapraszamy do udzia\u0142u w konferencji &#8220;Socjologia cia\u0142a i socjologia sportu. Stan bada\u0144 i wzajemne inspiracje&#8221;, kt\u00f3ra odb\u0119dzie si\u0119 w dniach 16-17 listopada 2023 r. na Wydziale Ekonomiczno-Socjologicznym U\u0141. Organizatorami konferencji s\u0105 Sekcja Socjologii Cia\u0142a, Sekcja Socjologii Sportu i\u00a0Oddzia\u0142 \u0141\u00f3dzki Polskiego Towarzystwa Socjologicznego oraz Instytut Socjologii U\u0141. Program konferencji w imieniu organizator\u00f3w dr [&hellip;]<\/p>\n","protected":false},"author":11,"featured_media":0,"comment_status":"open","ping_status":"open","sticky":false,"template":"","format":"standard","meta":[],"categories":[],"tags":[],"_links":{"self":[{"href":"https:\/\/pts.org.pl\/en\/wp-json\/wp\/v2\/posts\/6859"}],"collection":[{"href":"https:\/\/pts.org.pl\/en\/wp-json\/wp\/v2\/posts"}],"about":[{"href":"https:\/\/pts.org.pl\/en\/wp-json\/wp\/v2\/types\/post"}],"author":[{"embeddable":true,"href":"https:\/\/pts.org.pl\/en\/wp-json\/wp\/v2\/users\/11"}],"replies":[{"embeddable":true,"href":"https:\/\/pts.org.pl\/en\/wp-json\/wp\/v2\/comments?post=6859"}],"version-history":[{"count":1,"href":"https:\/\/pts.org.pl\/en\/wp-json\/wp\/v2\/posts\/6859\/revisions"}],"predecessor-version":[{"id":6860,"href":"https:\/\/pts.org.pl\/en\/wp-json\/wp\/v2\/posts\/6859\/revisions\/6860"}],"wp:attachment":[{"href":"https:\/\/pts.org.pl\/en\/wp-json\/wp\/v2\/media?parent=6859"}],"wp:term":[{"taxonomy":"category","embeddable":true,"href":"https:\/\/pts.org.pl\/en\/wp-json\/wp\/v2\/categories?post=6859"},{"taxonomy":"post_tag","embeddable":true,"href":"https:\/\/pts.org.pl\/en\/wp-json\/wp\/v2\/tags?post=6859"}],"curies":[{"name":"wp","href":"https:\/\/api.w.org\/{rel}","templated":true}]}}