{"id":6850,"date":"2023-11-13T18:06:18","date_gmt":"2023-11-13T18:06:18","guid":{"rendered":"https:\/\/pts.org.pl\/?p=6850"},"modified":"2023-11-13T18:06:20","modified_gmt":"2023-11-13T18:06:20","slug":"7-seminarium-sekcji-socjologii-zdrowia-i-medycyny-pts","status":"publish","type":"post","link":"https:\/\/pts.org.pl\/en\/7-seminarium-sekcji-socjologii-zdrowia-i-medycyny-pts\/","title":{"rendered":"7. Seminarium Sekcji Socjologii Zdrowia i Medycyny PTS"},"content":{"rendered":"<div class=\"fcbkbttn_buttons_block\" id=\"fcbkbttn_left\"><div class=\"fcbkbttn_button\">\n                            <a href=\"https:\/\/www.facebook.com\/\" target=\"_blank\">\n                                <img src=\"https:\/\/pts.org.pl\/wp-content\/plugins\/facebook-button-plugin\/images\/standard-facebook-ico.png\" alt=\"Fb-Button\" \/>\n                            <\/a>\n                        <\/div><div class=\"fcbkbttn_like \"><fb:like href=\"https:\/\/pts.org.pl\/en\/7-seminarium-sekcji-socjologii-zdrowia-i-medycyny-pts\/\" action=\"like\" colorscheme=\"light\" layout=\"button_count\"  size=\"small\"><\/fb:like><\/div><\/div>\n<p>Serdecznie zapraszamy na pierwsze w tym roku akademickim\u00a0<strong>Seminarium Sekcji Socjologii Zdrowia i Medycyny PTS<\/strong>, kt\u00f3re odb\u0119dzie<strong>\u00a024 listopada 2023\u00a0<\/strong>w<strong>\u00a0godzinach 17.00-18.30 online.<\/strong><br><\/p>\n\n\n\n<p>Tym razem wyk\u0142ad wyg\u0142osi\u00a0<strong>dr hab. n. spo\u0142. Edyta Janus, prof AWF z\u00a0<\/strong>Instytutu Nauk Stosowanych, Zak\u0142adu Terapii Zaj\u0119ciowej Stosowanej, Akademii Wychowania Fizycznego im. Bronis\u0142awa Czecha w Krakowie, a temat brzmi: &#8220;<strong>Zaw\u00f3d medyczny pod lup\u0105, czyli czego nie wiemy o terapeutach zaj\u0119ciowych&#8221;.<\/strong><br><\/p>\n\n\n\n<p>Podczas wyk\u0142adu scharakteryzowany zostanie zaw\u00f3d terapeuty zaj\u0119ciowego, kt\u00f3ry zaliczany jest do grupy zawod\u00f3w medycznych. Poruszone zostan\u0105\u00a0 kwestie takie jak, tradycyjne i zmodernizowane rozumienie terapii zaj\u0119ciowej, kszta\u0142cenie terapeut\u00f3w zaj\u0119ciowych w Polsce, role zawodowe, miejsce terapii zaj\u0119ciowej w systemie rehabilitacji. Przeanalizowane zostan\u0105 tak\u017ce mo\u017cliwo\u015bci i ograniczenia zwi\u0105zane z rozwojem zawodu. Rozwa\u017cania uzupe\u0142nione zostan\u0105 przyk\u0142adami, pochodz\u0105cymi z najnowszej publikacji pod redakcj\u0105 naukow\u0105 dr hab. n. spo\u0142. Edyta Janus &#8211; ,,Terapia zaj\u0119ciowa. Praktycy praktykom.\u201d<br><br><strong>Link do spotkania<\/strong>\u00a0na platformie Google Meet:\u00a0<a rel=\"noreferrer noopener\" href=\"https:\/\/meet.google.com\/uzc-fhyb-hjb\" target=\"_blank\">https:\/\/meet.google.com\/uzc-fhyb-hjb<\/a><\/p>\n\n\n\n<p>Serdecznie zapraszamy<br>Zarz\u0105d Sekcji SZiM PTS<\/p>\n\n\n\n<div class=\"wp-block-file\"><object class=\"wp-block-file__embed\" data=\"https:\/\/pts.org.pl\/wp-content\/uploads\/2023\/11\/7.-SEMINARUM-SSZIM-PROGRAM1.pdf\" type=\"application\/pdf\" style=\"width:100%;height:600px\" aria-label=\"Osadzone z 7.-SEMINARUM-SSZIM-PROGRAM1.\"><\/object><a href=\"https:\/\/pts.org.pl\/wp-content\/uploads\/2023\/11\/7.-SEMINARUM-SSZIM-PROGRAM1.pdf\">7.-SEMINARUM-SSZIM-PROGRAM1<\/a><a href=\"https:\/\/pts.org.pl\/wp-content\/uploads\/2023\/11\/7.-SEMINARUM-SSZIM-PROGRAM1.pdf\" class=\"wp-block-file__button\" download>Pobierz<\/a><\/div>\n","protected":false},"excerpt":{"rendered":"<p>Serdecznie zapraszamy na pierwsze w tym roku akademickim\u00a0Seminarium Sekcji Socjologii Zdrowia i Medycyny PTS, kt\u00f3re odb\u0119dzie\u00a024 listopada 2023\u00a0w\u00a0godzinach 17.00-18.30 online. Tym razem wyk\u0142ad wyg\u0142osi\u00a0dr hab. n. spo\u0142. Edyta Janus, prof AWF z\u00a0Instytutu Nauk Stosowanych, Zak\u0142adu Terapii Zaj\u0119ciowej Stosowanej, Akademii Wychowania Fizycznego im. Bronis\u0142awa Czecha w Krakowie, a temat brzmi: &#8220;Zaw\u00f3d medyczny pod lup\u0105, czyli czego [&hellip;]<\/p>\n","protected":false},"author":11,"featured_media":0,"comment_status":"open","ping_status":"open","sticky":false,"template":"","format":"standard","meta":[],"categories":[],"tags":[],"_links":{"self":[{"href":"https:\/\/pts.org.pl\/en\/wp-json\/wp\/v2\/posts\/6850"}],"collection":[{"href":"https:\/\/pts.org.pl\/en\/wp-json\/wp\/v2\/posts"}],"about":[{"href":"https:\/\/pts.org.pl\/en\/wp-json\/wp\/v2\/types\/post"}],"author":[{"embeddable":true,"href":"https:\/\/pts.org.pl\/en\/wp-json\/wp\/v2\/users\/11"}],"replies":[{"embeddable":true,"href":"https:\/\/pts.org.pl\/en\/wp-json\/wp\/v2\/comments?post=6850"}],"version-history":[{"count":1,"href":"https:\/\/pts.org.pl\/en\/wp-json\/wp\/v2\/posts\/6850\/revisions"}],"predecessor-version":[{"id":6852,"href":"https:\/\/pts.org.pl\/en\/wp-json\/wp\/v2\/posts\/6850\/revisions\/6852"}],"wp:attachment":[{"href":"https:\/\/pts.org.pl\/en\/wp-json\/wp\/v2\/media?parent=6850"}],"wp:term":[{"taxonomy":"category","embeddable":true,"href":"https:\/\/pts.org.pl\/en\/wp-json\/wp\/v2\/categories?post=6850"},{"taxonomy":"post_tag","embeddable":true,"href":"https:\/\/pts.org.pl\/en\/wp-json\/wp\/v2\/tags?post=6850"}],"curies":[{"name":"wp","href":"https:\/\/api.w.org\/{rel}","templated":true}]}}