{"id":6838,"date":"2023-10-24T16:20:44","date_gmt":"2023-10-24T16:20:44","guid":{"rendered":"https:\/\/pts.org.pl\/?p=6838"},"modified":"2023-10-24T16:20:46","modified_gmt":"2023-10-24T16:20:46","slug":"nagrode-w-vii-edycji-konkursu-im-profesor-elzbiety-tarkowskiej-otrzymala-agnieszka-witkowska-krych","status":"publish","type":"post","link":"https:\/\/pts.org.pl\/en\/nagrode-w-vii-edycji-konkursu-im-profesor-elzbiety-tarkowskiej-otrzymala-agnieszka-witkowska-krych\/","title":{"rendered":"Nagrod\u0119 w VII edycji Konkursu im. Profesor El\u017cbiety Tarkowskiej otrzyma\u0142a Agnieszka Witkowska-Krych"},"content":{"rendered":"<div class=\"fcbkbttn_buttons_block\" id=\"fcbkbttn_left\"><div class=\"fcbkbttn_button\">\n                            <a href=\"https:\/\/www.facebook.com\/\" target=\"_blank\">\n                                <img src=\"https:\/\/pts.org.pl\/wp-content\/plugins\/facebook-button-plugin\/images\/standard-facebook-ico.png\" alt=\"Fb-Button\" \/>\n                            <\/a>\n                        <\/div><div class=\"fcbkbttn_like \"><fb:like href=\"https:\/\/pts.org.pl\/en\/nagrode-w-vii-edycji-konkursu-im-profesor-elzbiety-tarkowskiej-otrzymala-agnieszka-witkowska-krych\/\" action=\"like\" colorscheme=\"light\" layout=\"button_count\"  size=\"small\"><\/fb:like><\/div><\/div>\n<p>Nagrod\u0119 w VII edycji Konkursu im. Profesor El\u017cbiety Tarkowskiej otrzyma\u0142a Agnieszka Witkowska-Krych za ksi\u0105\u017ck\u0119 pt. \u201eDziecko wobec zag\u0142ady. Instytucjonalna opieka nad sierotami w Getcie Warszawskim\u201d. Prac\u0119 wyda\u0142 w 2022 roku w \u017bydowski Instytut Historyczny. W konkursie nagradzane s\u0105 prace naukowe z zakresu nauk spo\u0142ecznych o problemach ub\u00f3stwa i wynikaj\u0105cego z niego wykluczenia spo\u0142ecznego. W uzasadnieniu tegorocznej nagrody zwr\u00f3cono uwag\u0119, \u017ce \u201eAutorka w oparciu o unikalne \u017ar\u00f3d\u0142a historyczne opisuje dzia\u0142alno\u015b\u0107 pomocow\u0105 w sytuacjach granicznych, pokazuje, jak dzia\u0142anie systemu opieki nad dzie\u0107mi oraz dzia\u0142ania bardziej spontaniczne normalizowa\u0142y sytuacje graniczne, tworzy\u0142y warunki umo\u017cliwiaj\u0105ce codzienne \u017cycie dzieci w getcie.\u201d <\/p>\n\n\n\n<p>Pe\u0142niejsza informacja na stronie APS\u00a0<a rel=\"noreferrer noopener\" href=\"http:\/\/www.aps.edu.pl\/aktualnosci\/wreczenie-nagrody-im-prof-e-tarkowskiej\/\" target=\"_blank\">http:\/\/www.aps.edu.pl\/aktualnosci\/wreczenie-nagrody-im-prof-e-tarkowskiej\/<\/a><\/p>\n\n\n\n<figure class=\"wp-block-gallery columns-1 is-cropped\"><ul class=\"blocks-gallery-grid\"><li class=\"blocks-gallery-item\"><figure><img loading=\"lazy\" width=\"870\" height=\"731\" src=\"https:\/\/pts.org.pl\/wp-content\/uploads\/2023\/10\/Wreczenie.png\" alt=\"\" data-id=\"6839\" data-full-url=\"https:\/\/pts.org.pl\/wp-content\/uploads\/2023\/10\/Wreczenie.png\" data-link=\"https:\/\/pts.org.pl\/?attachment_id=6839\" class=\"wp-image-6839\" srcset=\"https:\/\/pts.org.pl\/wp-content\/uploads\/2023\/10\/Wreczenie.png 870w, https:\/\/pts.org.pl\/wp-content\/uploads\/2023\/10\/Wreczenie-300x252.png 300w, https:\/\/pts.org.pl\/wp-content\/uploads\/2023\/10\/Wreczenie-768x645.png 768w\" sizes=\"(max-width: 870px) 100vw, 870px\" \/><\/figure><\/li><\/ul><figcaption class=\"blocks-gallery-caption\">Przewodnicz\u0105ca PTS Miros\u0142awa Grabowska wr\u0119cza nagrod\u0119 Agnieszce Witkowskiej &#8211; Krych tegorocznej laureatce w Konkursie im. Profesor El\u017cbiety Tarkowskiej.<\/figcaption><\/figure>\n","protected":false},"excerpt":{"rendered":"<p>Nagrod\u0119 w VII edycji Konkursu im. Profesor El\u017cbiety Tarkowskiej otrzyma\u0142a Agnieszka Witkowska-Krych za ksi\u0105\u017ck\u0119 pt. \u201eDziecko wobec zag\u0142ady. Instytucjonalna opieka nad sierotami w Getcie Warszawskim\u201d. Prac\u0119 wyda\u0142 w 2022 roku w \u017bydowski Instytut Historyczny. W konkursie nagradzane s\u0105 prace naukowe z zakresu nauk spo\u0142ecznych o problemach ub\u00f3stwa i wynikaj\u0105cego z niego wykluczenia spo\u0142ecznego. W uzasadnieniu [&hellip;]<\/p>\n","protected":false},"author":11,"featured_media":0,"comment_status":"open","ping_status":"open","sticky":false,"template":"","format":"standard","meta":[],"categories":[],"tags":[],"_links":{"self":[{"href":"https:\/\/pts.org.pl\/en\/wp-json\/wp\/v2\/posts\/6838"}],"collection":[{"href":"https:\/\/pts.org.pl\/en\/wp-json\/wp\/v2\/posts"}],"about":[{"href":"https:\/\/pts.org.pl\/en\/wp-json\/wp\/v2\/types\/post"}],"author":[{"embeddable":true,"href":"https:\/\/pts.org.pl\/en\/wp-json\/wp\/v2\/users\/11"}],"replies":[{"embeddable":true,"href":"https:\/\/pts.org.pl\/en\/wp-json\/wp\/v2\/comments?post=6838"}],"version-history":[{"count":1,"href":"https:\/\/pts.org.pl\/en\/wp-json\/wp\/v2\/posts\/6838\/revisions"}],"predecessor-version":[{"id":6840,"href":"https:\/\/pts.org.pl\/en\/wp-json\/wp\/v2\/posts\/6838\/revisions\/6840"}],"wp:attachment":[{"href":"https:\/\/pts.org.pl\/en\/wp-json\/wp\/v2\/media?parent=6838"}],"wp:term":[{"taxonomy":"category","embeddable":true,"href":"https:\/\/pts.org.pl\/en\/wp-json\/wp\/v2\/categories?post=6838"},{"taxonomy":"post_tag","embeddable":true,"href":"https:\/\/pts.org.pl\/en\/wp-json\/wp\/v2\/tags?post=6838"}],"curies":[{"name":"wp","href":"https:\/\/api.w.org\/{rel}","templated":true}]}}