{"id":6836,"date":"2023-10-14T08:06:45","date_gmt":"2023-10-14T08:06:45","guid":{"rendered":"https:\/\/pts.org.pl\/?p=6836"},"modified":"2023-10-14T08:06:47","modified_gmt":"2023-10-14T08:06:47","slug":"zmarl-marek-s-szczepanski","status":"publish","type":"post","link":"https:\/\/pts.org.pl\/en\/zmarl-marek-s-szczepanski\/","title":{"rendered":"Zmar\u0142 Marek S. Szczepa\u0144ski"},"content":{"rendered":"<div class=\"fcbkbttn_buttons_block\" id=\"fcbkbttn_left\"><div class=\"fcbkbttn_button\">\n                            <a href=\"https:\/\/www.facebook.com\/\" target=\"_blank\">\n                                <img src=\"https:\/\/pts.org.pl\/wp-content\/plugins\/facebook-button-plugin\/images\/standard-facebook-ico.png\" alt=\"Fb-Button\" \/>\n                            <\/a>\n                        <\/div><div class=\"fcbkbttn_like \"><fb:like href=\"https:\/\/pts.org.pl\/en\/zmarl-marek-s-szczepanski\/\" action=\"like\" colorscheme=\"light\" layout=\"button_count\"  size=\"small\"><\/fb:like><\/div><\/div>\n<p><\/p>\n\n\n\n<figure class=\"wp-block-image\"><img src=\"https:\/\/mail.uksw.edu.pl\/owa\/service.svc\/s\/GetPersonaPhoto?email=pts%40ifispan.edu.pl&amp;UA=0&amp;size=HR96x96\" alt=\"\"\/><\/figure>\n\n\n\n<p>Szanowne Kole\u017canki i Szanowni Koledzy,<\/p>\n\n\n\n<p>Ze smutkiem zawiadamiamy, i\u017c 11 pa\u017adziernika odszed\u0142 niespodziewanie Marek S. Szczepa\u0144ski, zas\u0142u\u017cony cz\u0142onek Polskiego Towarzystwa Socjologicznego.<\/p>\n\n\n\n<p>Pogrzeb odb\u0119dzie si\u0119 20. pa\u017adziernika (pi\u0105tek) w Tychach.<\/p>\n\n\n\n<p>Liturgia mszy \u015bw. pogrzebowej Profesora Marka S. Szczepa\u0144skiego rozpocznie si\u0119 o godz. 12:00 w ko\u015bciele pw. \u015bw. Marii Magdaleny przy ul. Ks. K. Damrota 62.<\/p>\n\n\n\n<p>Nast\u0119pnie Profesor zostanie pochowany na cmentarzu znajduj\u0105cym si\u0119 przy tej parafii (ten sam adres).<\/p>\n\n\n\n<p><a href=\"https:\/\/www.google.com\/maps\/place\/Ko%C5%9Bci%C3%B3%C5%82+%C5%9Bw.+Marii+Magdaleny+w+Tychach\/@50.1305109,18.9819237,15z\/data=!4m6!3m5!1s0x4716c816605e2757:0x4e38ad36bebe3533!8m2!3d50.1305109!4d18.9819237!16s%2Fg%2F1217tg4d?entry=ttu\">https:\/\/www.google.com\/maps\/place\/Ko%C5%9Bci%C3%B3%C5%82+%C5%9Bw.+Marii+Magdaleny+w+Tychach\/@50.1305109,18.9819237,15z\/data=!4m6!3m5!1s0x4716c816605e2757:0x4e38ad36bebe3533!8m2!3d50.1305109!4d18.9819237!16s%2Fg%2F1217tg4d?entry=ttu<\/a><\/p>\n\n\n\n<p>Informacja na stronie Uniwersytetu \u015al\u0105skiego, gdzie Marek S. Szczepa\u0144ski pracowa\u0142:<\/p>\n\n\n\n<figure class=\"wp-block-embed is-type-wp-embed is-provider-instytut-socjologii-uniwersytet-slaski-w-katowicach wp-block-embed-instytut-socjologii-uniwersytet-slaski-w-katowicach\"><div class=\"wp-block-embed__wrapper\">\n<blockquote class=\"wp-embedded-content\" data-secret=\"hurndMeX0f\"><a href=\"https:\/\/us.edu.pl\/instytut\/is\/2023\/10\/12\/zmarl-prof-dr-hab-marek-s-szczepanski\/\">Zmar\u0142 prof. dr hab. Marek S. Szczepa\u0144ski<\/a><\/blockquote><iframe class=\"wp-embedded-content\" sandbox=\"allow-scripts\" security=\"restricted\" style=\"position: absolute; clip: rect(1px, 1px, 1px, 1px);\" title=\"&#8222;Zmar\u0142 prof. dr hab. Marek S. Szczepa\u0144ski&#8221; &#8212; Instytut Socjologii | Uniwersytet \u015al\u0105ski w Katowicach\" src=\"https:\/\/us.edu.pl\/instytut\/is\/2023\/10\/12\/zmarl-prof-dr-hab-marek-s-szczepanski\/embed\/#?secret=IWNZJsMRwh#?secret=hurndMeX0f\" data-secret=\"hurndMeX0f\" width=\"500\" height=\"282\" frameborder=\"0\" marginwidth=\"0\" marginheight=\"0\" scrolling=\"no\"><\/iframe>\n<\/div><\/figure>\n\n\n\n<p>Wspomnienie w katowickim dodatku Gazety Wyborczej:<\/p>\n\n\n\n<p><a href=\"https:\/\/katowice.wyborcza.pl\/katowice\/7,35063,30289514,marek-szczepanski-nie-zyje-wybitny-socjolog-kochal-i-rozumial.html\">https:\/\/katowice.wyborcza.pl\/katowice\/7,35063,30289514,marek-szczepanski-nie-zyje-wybitny-socjolog-kochal-i-rozumial.html<\/a><\/p>\n\n\n\n<p>Zarz\u0105d G\u0142\u00f3wny PTS<\/p>\n","protected":false},"excerpt":{"rendered":"<p>Szanowne Kole\u017canki i Szanowni Koledzy, Ze smutkiem zawiadamiamy, i\u017c 11 pa\u017adziernika odszed\u0142 niespodziewanie Marek S. Szczepa\u0144ski, zas\u0142u\u017cony cz\u0142onek Polskiego Towarzystwa Socjologicznego. Pogrzeb odb\u0119dzie si\u0119 20. pa\u017adziernika (pi\u0105tek) w Tychach. Liturgia mszy \u015bw. pogrzebowej Profesora Marka S. Szczepa\u0144skiego rozpocznie si\u0119 o godz. 12:00 w ko\u015bciele pw. \u015bw. Marii Magdaleny przy ul. Ks. K. Damrota 62. Nast\u0119pnie [&hellip;]<\/p>\n","protected":false},"author":11,"featured_media":0,"comment_status":"open","ping_status":"open","sticky":false,"template":"","format":"standard","meta":[],"categories":[],"tags":[],"_links":{"self":[{"href":"https:\/\/pts.org.pl\/en\/wp-json\/wp\/v2\/posts\/6836"}],"collection":[{"href":"https:\/\/pts.org.pl\/en\/wp-json\/wp\/v2\/posts"}],"about":[{"href":"https:\/\/pts.org.pl\/en\/wp-json\/wp\/v2\/types\/post"}],"author":[{"embeddable":true,"href":"https:\/\/pts.org.pl\/en\/wp-json\/wp\/v2\/users\/11"}],"replies":[{"embeddable":true,"href":"https:\/\/pts.org.pl\/en\/wp-json\/wp\/v2\/comments?post=6836"}],"version-history":[{"count":1,"href":"https:\/\/pts.org.pl\/en\/wp-json\/wp\/v2\/posts\/6836\/revisions"}],"predecessor-version":[{"id":6837,"href":"https:\/\/pts.org.pl\/en\/wp-json\/wp\/v2\/posts\/6836\/revisions\/6837"}],"wp:attachment":[{"href":"https:\/\/pts.org.pl\/en\/wp-json\/wp\/v2\/media?parent=6836"}],"wp:term":[{"taxonomy":"category","embeddable":true,"href":"https:\/\/pts.org.pl\/en\/wp-json\/wp\/v2\/categories?post=6836"},{"taxonomy":"post_tag","embeddable":true,"href":"https:\/\/pts.org.pl\/en\/wp-json\/wp\/v2\/tags?post=6836"}],"curies":[{"name":"wp","href":"https:\/\/api.w.org\/{rel}","templated":true}]}}