{"id":6830,"date":"2023-10-07T18:19:00","date_gmt":"2023-10-07T18:19:00","guid":{"rendered":"https:\/\/pts.org.pl\/?p=6830"},"modified":"2023-10-11T18:25:12","modified_gmt":"2023-10-11T18:25:12","slug":"zaproszenie-na-debate-o-debacie-12-pazdziernika-2023-godz-1730","status":"publish","type":"post","link":"https:\/\/pts.org.pl\/en\/zaproszenie-na-debate-o-debacie-12-pazdziernika-2023-godz-1730\/","title":{"rendered":"Zaproszenie na &#8220;Debat\u0119 o debacie&#8221; &#8211; 12 pa\u017adziernika 2023, godz. 17:30"},"content":{"rendered":"<div class=\"fcbkbttn_buttons_block\" id=\"fcbkbttn_left\"><div class=\"fcbkbttn_button\">\n                            <a href=\"https:\/\/www.facebook.com\/\" target=\"_blank\">\n                                <img src=\"https:\/\/pts.org.pl\/wp-content\/plugins\/facebook-button-plugin\/images\/standard-facebook-ico.png\" alt=\"Fb-Button\" \/>\n                            <\/a>\n                        <\/div><div class=\"fcbkbttn_like \"><fb:like href=\"https:\/\/pts.org.pl\/en\/zaproszenie-na-debate-o-debacie-12-pazdziernika-2023-godz-1730\/\" action=\"like\" colorscheme=\"light\" layout=\"button_count\"  size=\"small\"><\/fb:like><\/div><\/div>\n<p>Szanowni Pa\u0144stwo, Drogie Kole\u017canki, Drodzy Koledzy,\u00a0<\/p>\n\n\n\n<p>Sekcja Bada\u0144 Komunikacji Spo\u0142ecznej PTS zaprasza na pierwsze z cyklu spotka\u0144\u00a0<strong>\u201cDebata o debacie publicznej\u201d<\/strong>.\u00a0\u00a0<\/p>\n\n\n\n<p><strong>\u201eOd dekonstrukcji do kreacji &#8211; rola medi\u00f3w w kszta\u0142towaniu debaty publicznej\u201d<\/strong><\/p>\n\n\n\n<p><strong>Klubojadalnia M\u0142odsza Siostra, ul. Dobra 14\/16, Warszawa, 12 pa\u017adziernika 2023 r., g. 17.30<\/strong>\u00a0<\/p>\n\n\n\n<p>W kontek\u015bcie nadchodz\u0105cych wybor\u00f3w parlamentarnych i aktualnych spor\u00f3w \u015bwiatopogl\u0105dowych w Polsce chcemy porozmawia\u0107, w gronie badaczy i praktyk\u00f3w komunikacji publicznej, o tym, jakie znaczenie i jak\u0105 w\u0142adz\u0119 maj\u0105 dzi\u015b media.\u00a0<\/p>\n\n\n\n<p>W \u015bwietle klasycznych teorii medi\u00f3w masowych wp\u0142ywaj\u0105 one na ustanawianie publicznego porz\u0105dku dnia oraz spo\u0142ecznej hierarchii spraw wa\u017cnych i niewa\u017cnych. Kszta\u0142tuj\u0105 opini\u0119 publiczn\u0105, kt\u00f3rej nastroje i wahania pilnie obserwuj\u0105 elity w\u0142adzy. Wed\u0142ug niekt\u00f3rych podej\u015b\u0107 media wr\u0119cz mebluj\u0105 g\u0142owy swoich sta\u0142ych odbiorc\u00f3w, wed\u0142ug innych ich w\u0142adza wcale nie jest absolutna.\u00a0<\/p>\n\n\n\n<p>Czy i jak media wp\u0142ywaj\u0105 na debat\u0119 publiczn\u0105?\u00a0<\/p>\n\n\n\n<p>Czy jako spo\u0142ecze\u0144stwo \u201echorujemy\u201d na wzajemnie zwalczaj\u0105ce si\u0119 medialne opowie\u015bci o rzeczywisto\u015bci? <\/p>\n\n\n\n<p>Czy coraz bardziej jeste\u015bmy na nie odporni?\u00a0<\/p>\n\n\n\n<p>W jakim zakresie media mog\u0105 kszta\u0142towa\u0107 decyzje wyborcze Polek i Polak\u00f3w?\u00a0<\/p>\n\n\n\n<p>Czy polityka przenosi si\u0119 do medi\u00f3w, czy media do polityki?\u00a0<\/p>\n\n\n\n<p>Jak\u0105 rol\u0119 w procesach oddzia\u0142ywania medi\u00f3w odgrywaj\u0105 dziennikarki i dziennikarze medi\u00f3w og\u00f3lnopolskich oraz lokalnych?\u00a0<\/p>\n\n\n\n<p>Na te i inne pytania odpowiedzi udziela\u0107 b\u0119d\u0105:<br><strong>Andrzej Andrysiak (\u201eGazeta Radomszcza\u0144ska\u201d)<\/strong><\/p>\n\n\n\n<p><strong>prof. Marek Czy\u017cewski (U\u0141)<\/strong><\/p>\n\n\n\n<p><strong>dr Aldona Guzik (UP w Krakowie)<\/strong>\u00a0<\/p>\n\n\n\n<p>Prowadz\u0105ce spotkanie:<\/p>\n\n\n\n<p><strong>dr Magdalena Nowicka-Franczak (U\u0141)<\/strong><\/p>\n\n\n\n<p><strong>dr Anna Radiukiewicz (IFiS PAN)<\/strong><\/p>\n\n\n\n<figure class=\"wp-block-image size-large\"><img loading=\"lazy\" width=\"1024\" height=\"1024\" src=\"https:\/\/pts.org.pl\/wp-content\/uploads\/2023\/10\/DEBATA-O-DEBACIE-1024x1024.jpg\" alt=\"\" class=\"wp-image-6831\" srcset=\"https:\/\/pts.org.pl\/wp-content\/uploads\/2023\/10\/DEBATA-O-DEBACIE-1024x1024.jpg 1024w, https:\/\/pts.org.pl\/wp-content\/uploads\/2023\/10\/DEBATA-O-DEBACIE-300x300.jpg 300w, https:\/\/pts.org.pl\/wp-content\/uploads\/2023\/10\/DEBATA-O-DEBACIE-150x150.jpg 150w, https:\/\/pts.org.pl\/wp-content\/uploads\/2023\/10\/DEBATA-O-DEBACIE-768x768.jpg 768w, https:\/\/pts.org.pl\/wp-content\/uploads\/2023\/10\/DEBATA-O-DEBACIE.jpg 1080w\" sizes=\"(max-width: 1024px) 100vw, 1024px\" \/><\/figure>\n","protected":false},"excerpt":{"rendered":"<p>Szanowni Pa\u0144stwo, Drogie Kole\u017canki, Drodzy Koledzy,\u00a0 Sekcja Bada\u0144 Komunikacji Spo\u0142ecznej PTS zaprasza na pierwsze z cyklu spotka\u0144\u00a0\u201cDebata o debacie publicznej\u201d.\u00a0\u00a0 \u201eOd dekonstrukcji do kreacji &#8211; rola medi\u00f3w w kszta\u0142towaniu debaty publicznej\u201d Klubojadalnia M\u0142odsza Siostra, ul. Dobra 14\/16, Warszawa, 12 pa\u017adziernika 2023 r., g. 17.30\u00a0 W kontek\u015bcie nadchodz\u0105cych wybor\u00f3w parlamentarnych i aktualnych spor\u00f3w \u015bwiatopogl\u0105dowych w Polsce [&hellip;]<\/p>\n","protected":false},"author":11,"featured_media":0,"comment_status":"open","ping_status":"open","sticky":false,"template":"","format":"standard","meta":[],"categories":[],"tags":[],"_links":{"self":[{"href":"https:\/\/pts.org.pl\/en\/wp-json\/wp\/v2\/posts\/6830"}],"collection":[{"href":"https:\/\/pts.org.pl\/en\/wp-json\/wp\/v2\/posts"}],"about":[{"href":"https:\/\/pts.org.pl\/en\/wp-json\/wp\/v2\/types\/post"}],"author":[{"embeddable":true,"href":"https:\/\/pts.org.pl\/en\/wp-json\/wp\/v2\/users\/11"}],"replies":[{"embeddable":true,"href":"https:\/\/pts.org.pl\/en\/wp-json\/wp\/v2\/comments?post=6830"}],"version-history":[{"count":1,"href":"https:\/\/pts.org.pl\/en\/wp-json\/wp\/v2\/posts\/6830\/revisions"}],"predecessor-version":[{"id":6832,"href":"https:\/\/pts.org.pl\/en\/wp-json\/wp\/v2\/posts\/6830\/revisions\/6832"}],"wp:attachment":[{"href":"https:\/\/pts.org.pl\/en\/wp-json\/wp\/v2\/media?parent=6830"}],"wp:term":[{"taxonomy":"category","embeddable":true,"href":"https:\/\/pts.org.pl\/en\/wp-json\/wp\/v2\/categories?post=6830"},{"taxonomy":"post_tag","embeddable":true,"href":"https:\/\/pts.org.pl\/en\/wp-json\/wp\/v2\/tags?post=6830"}],"curies":[{"name":"wp","href":"https:\/\/api.w.org\/{rel}","templated":true}]}}