{"id":6824,"date":"2023-10-11T17:40:02","date_gmt":"2023-10-11T17:40:02","guid":{"rendered":"https:\/\/pts.org.pl\/?p=6824"},"modified":"2023-10-11T17:41:17","modified_gmt":"2023-10-11T17:41:17","slug":"uroczyste-odsloniecie-plakiety-prof-leona-petrazyckiego","status":"publish","type":"post","link":"https:\/\/pts.org.pl\/en\/uroczyste-odsloniecie-plakiety-prof-leona-petrazyckiego\/","title":{"rendered":"Uroczyste ods\u0142oni\u0119cie plakiety prof. Leona Petra\u017cyckiego"},"content":{"rendered":"<div class=\"fcbkbttn_buttons_block\" id=\"fcbkbttn_left\"><div class=\"fcbkbttn_button\">\n                            <a href=\"https:\/\/www.facebook.com\/\" target=\"_blank\">\n                                <img src=\"https:\/\/pts.org.pl\/wp-content\/plugins\/facebook-button-plugin\/images\/standard-facebook-ico.png\" alt=\"Fb-Button\" \/>\n                            <\/a>\n                        <\/div><div class=\"fcbkbttn_like \"><fb:like href=\"https:\/\/pts.org.pl\/en\/uroczyste-odsloniecie-plakiety-prof-leona-petrazyckiego\/\" action=\"like\" colorscheme=\"light\" layout=\"button_count\"  size=\"small\"><\/fb:like><\/div><\/div>\n<p>Z inicjatywy Wydzia\u0142u Prawa i Administracji Uniwersytetu Warszawskiego, Polskiego Towarzystwa Socjologicznego oraz Spo\u0142ecznego Towarzystwa O\u015bwiatowo-Kulturalnego &#8220;\u015awietlica Kulturalna&#8221;, 21 pa\u017adziernika 2023 r. o godzinie 13.00 na Cmentarzu Stare Pow\u0105zki, kwatera 309, rz\u0105d 4,odb\u0119dzie si\u0119 uroczyste\u00a0ods\u0142oni\u0119cie plakiety <strong>prof. Leona Petra\u017cyckiego<\/strong>.<\/p>\n","protected":false},"excerpt":{"rendered":"<p>Z inicjatywy Wydzia\u0142u Prawa i Administracji Uniwersytetu Warszawskiego, Polskiego Towarzystwa Socjologicznego oraz Spo\u0142ecznego Towarzystwa O\u015bwiatowo-Kulturalnego &#8220;\u015awietlica Kulturalna&#8221;, 21 pa\u017adziernika 2023 r. o godzinie 13.00 na Cmentarzu Stare Pow\u0105zki, kwatera 309, rz\u0105d 4,odb\u0119dzie si\u0119 uroczyste\u00a0ods\u0142oni\u0119cie plakiety prof. Leona Petra\u017cyckiego.<\/p>\n","protected":false},"author":11,"featured_media":0,"comment_status":"open","ping_status":"open","sticky":false,"template":"","format":"standard","meta":[],"categories":[],"tags":[],"_links":{"self":[{"href":"https:\/\/pts.org.pl\/en\/wp-json\/wp\/v2\/posts\/6824"}],"collection":[{"href":"https:\/\/pts.org.pl\/en\/wp-json\/wp\/v2\/posts"}],"about":[{"href":"https:\/\/pts.org.pl\/en\/wp-json\/wp\/v2\/types\/post"}],"author":[{"embeddable":true,"href":"https:\/\/pts.org.pl\/en\/wp-json\/wp\/v2\/users\/11"}],"replies":[{"embeddable":true,"href":"https:\/\/pts.org.pl\/en\/wp-json\/wp\/v2\/comments?post=6824"}],"version-history":[{"count":1,"href":"https:\/\/pts.org.pl\/en\/wp-json\/wp\/v2\/posts\/6824\/revisions"}],"predecessor-version":[{"id":6825,"href":"https:\/\/pts.org.pl\/en\/wp-json\/wp\/v2\/posts\/6824\/revisions\/6825"}],"wp:attachment":[{"href":"https:\/\/pts.org.pl\/en\/wp-json\/wp\/v2\/media?parent=6824"}],"wp:term":[{"taxonomy":"category","embeddable":true,"href":"https:\/\/pts.org.pl\/en\/wp-json\/wp\/v2\/categories?post=6824"},{"taxonomy":"post_tag","embeddable":true,"href":"https:\/\/pts.org.pl\/en\/wp-json\/wp\/v2\/tags?post=6824"}],"curies":[{"name":"wp","href":"https:\/\/api.w.org\/{rel}","templated":true}]}}