{"id":6819,"date":"2023-10-03T18:15:39","date_gmt":"2023-10-03T18:15:39","guid":{"rendered":"https:\/\/pts.org.pl\/?p=6819"},"modified":"2023-10-03T18:19:02","modified_gmt":"2023-10-03T18:19:02","slug":"w-strone-teorii-niegoscinnosci-wyklad-doroty-rancew-sikory-sas-pts-16-10-2023-warszawa","status":"publish","type":"post","link":"https:\/\/pts.org.pl\/en\/w-strone-teorii-niegoscinnosci-wyklad-doroty-rancew-sikory-sas-pts-16-10-2023-warszawa\/","title":{"rendered":"&#8220;W stron\u0119 teorii (nie)go\u015bcinno\u015bci&#8221; &#8211; wyk\u0142ad Doroty Rancew-Sikory, SAS PTS, 16.10.2023, Warszawa"},"content":{"rendered":"<div class=\"fcbkbttn_buttons_block\" id=\"fcbkbttn_left\"><div class=\"fcbkbttn_button\">\n                            <a href=\"https:\/\/www.facebook.com\/\" target=\"_blank\">\n                                <img src=\"https:\/\/pts.org.pl\/wp-content\/plugins\/facebook-button-plugin\/images\/standard-facebook-ico.png\" alt=\"Fb-Button\" \/>\n                            <\/a>\n                        <\/div><div class=\"fcbkbttn_like \"><fb:like href=\"https:\/\/pts.org.pl\/en\/w-strone-teorii-niegoscinnosci-wyklad-doroty-rancew-sikory-sas-pts-16-10-2023-warszawa\/\" action=\"like\" colorscheme=\"light\" layout=\"button_count\"  size=\"small\"><\/fb:like><\/div><\/div>\n<p>Szanowni Pa\u0144stwo,<\/p>\n\n\n\n<p>Drogie Kole\u017canki, Drodzy Koledzy,<\/p>\n\n\n\n<p>Sekcja Antropologii Spo\u0142ecznej PTS serdecznie zaprasza na wyk\u0142ad dr hab.&nbsp;<strong>Doroty Rancew-Sikory<\/strong>, prof. UG, \u201e<strong>W stron\u0119 teorii (nie)go\u015bcinno\u015bci<\/strong>\u201d w dn.&nbsp;<strong>16 pa\u017adziernika 2023<\/strong>&nbsp;r., godz.&nbsp;<strong>17.00<\/strong>, do Instytutu Etnologii i Antropologii Kulturowej UW, ul. \u017burawia 4, sala 104. Dyskutanka: dr&nbsp;<strong>Marta Skowro\u0144ska<\/strong>.<\/p>\n\n\n\n<p>W tym roku SAS PTS planowa\u0142a zorganizowanie sympozjum po\u015bwi\u0119conego (nie)go\u015bcinno\u015bci. Otrzymali\u015bmy niestety za ma\u0142o zg\u0142osze\u0144 by wydarzenie mog\u0142o si\u0119 odby\u0107. Postanowili\u015bmy jednak zaznaczy\u0107 istotno\u015b\u0107 problematyki (nie)go\u015bcinno\u015bci zar\u00f3wno w socjologii i antropologii, jak i w otaczaj\u0105cym nas \u015bwiecie, organizuj\u0105c wydarzenia w nieco innym formacie. Wyk\u0142ad Doroty Rancew-Sikory \u201eW stron\u0119 teorii (nie)go\u015bcinno\u015bci\u201d z komentarzem Marty Skowro\u0144skiej jest jednym z nich. Serdecznie zapraszamy!<\/p>\n\n\n\n<p>Pozdrawiamy serdecznie,<\/p>\n\n\n\n<p>Zarz\u0105d SAS PTS<\/p>\n\n\n\n<p>Opis wydarzenia:<\/p>\n\n\n\n<p>W swojej ksi\u0105\u017cce \u201eGo\u015bcinno\u015b\u0107 \u2013 rozstanie z idea\u0142em: Socjologiczna analiza znacze\u0144 i praktyk przyjmowania go\u015bci\u201d (2021) Dorota Rancew-Sikora zaj\u0119\u0142a si\u0119 jedn\u0105 z wa\u017cniejszych kategorii wsp\u00f3\u0142czesnego dyskursu publicznego a tak\u017ce socjologii i&nbsp;antropologii moralno\u015bci. Go\u015bcinno\u015b\u0107 jest jedn\u0105 z kluczowych warto\u015bci kulturowych &#8211;&nbsp;&nbsp;mechanizmem spo\u0142eczno-kulturowym, kt\u00f3ry reguluje przynale\u017cno\u015b\u0107 do grupy, wyznacza granice swojsko\u015bci i obco\u015bci oraz umo\u017cliwia okresowe ich oswajanie i przekraczanie. Podczas wyk\u0142adu Dorota Rancew-Sikora skupi si\u0119 na (nie)go\u015bcinno\u015bci, proponuj\u0105c krytyczn\u0105 refleksj\u0119 nad procesami idealizowania zobowi\u0105za\u0144 go\u015bcinnych i pokazuj\u0105c, jakie po\u017cytki i obci\u0105\u017cenia mog\u0105 p\u0142yn\u0105\u0107 z go\u015bcinno\u015bci w konkretnych kontekstach.&nbsp;<\/p>\n\n\n\n<p>W dyskusji we\u017amie udzia\u0142 Marta Skowro\u0144ska, wsp\u00f3redaktorka monografii \u201eGo\u015b\u0107 w dom. Wsp\u00f3\u0142czesne praktyki przyjmowania go\u015bci\u201d (2019).<\/p>\n\n\n\n<p>Biogramy:<\/p>\n\n\n\n<p><strong>Dorota Rancew-Sikora<\/strong>&nbsp;\u2013 doktor habilitowana socjologii, profesor Uniwersytetu Gda\u0144skiego. Zajmuje si\u0119 badaniami jako\u015bciowymi w obszarze \u017cycia codziennego i kultury, wykorzystuj\u0105c m.in. metodologi\u0119 analizy konwersacyjnej i analizy dyskursu. Autorka ksi\u0105\u017cek: \u201eAnaliza konwersacyjna jako metoda badania rozm\u00f3w codziennych\u201d (2007), \u201eSens polowania\u201d (2009) i \u201eGo\u015bcinno\u015b\u0107 \u2013 rozstanie z idea\u0142em: Socjologiczna analiza znacze\u0144 i praktyk przyjmowania go\u015bci\u201d (2021) oraz artyku\u0142\u00f3w m.in. w \u201eStudiach Socjologicznych\u201d, \u201ePrzegl\u0105dzie Socjologii Jako\u015bciowej\u201d, \u201eKulturze i Spo\u0142ecze\u0144stwie\u201d, \u201eJournal of Pragmatics\u201d i \u201eDiscourse Studies\u201d. Redaktorka i wsp\u00f3\u0142redaktorka naukowa monografii zbiorowych \u201ePodr\u00f3\u017c i miejsce\u201d (2009), \u201eKreacje i nostalgie\u201d (2009), \u201eMiasto nie-miasto\u201d (2010), \u201eO spo\u0142ecznym znaczeniu to\u017csamo\u015bci, miejsca i czasu \u017cycia\u201d (2013), \u201eMobility to the Edges of Europe\u201d (2016). Wieloletnia przewodnicz\u0105ca Sekcji Antropologii Spo\u0142ecznej Polskiego Towarzystwa Socjologicznego, cz\u0142onkini Konsorcjum Naukowego Analiza Dyskursu.<\/p>\n\n\n\n<p><strong>Marta Skowro\u0144ska<\/strong>\u00a0\u2013 adiunktka na Wydziale Socjologii UAM. Autorka dw\u00f3ch ksi\u0105\u017cek: o zjawisku\u00a0<em>second hand<\/em>\u00a0i o zamieszkiwaniu. Wsp\u00f3\u0142redaktorka ksi\u0105\u017cki &#8220;Go\u015b\u0107 w dom. Wsp\u00f3\u0142czesne praktyki przyjmowania go\u015bci&#8221; (2019) oraz przygotowywanej do druku &#8220;Reconfiguring Relations in the Empty Nest &#8211; Those Who Leave and Those Who Stay&#8221; (2023). W swojej pracy badawczej skupia si\u0119 na tym, co domowe (komfort, go\u015bcina, relacje rodzinne, relacje z materialno\u015bci\u0105), wykorzystuj\u0105c g\u0142\u00f3wnie metody jako\u015bciowe i inspiruj\u0105c si\u0119 teoriami praktyk spo\u0142ecznych. Obecnie zaanga\u017cowana w projekt\u00a0&#8220;Zachowania transportowe mieszka\u0144c\u00f3w polskich miast: Przyczynowo\u015b\u0107, zmiany zachowa\u0144 i wp\u0142yw na klimat&#8221; (kierowany przez dr Micha\u0142a Czepkiewicza), w kt\u00f3rym analizuje powi\u0105zania mi\u0119dzy mobilno\u015bci\u0105 a biografi\u0105.\u00a0<\/p>\n\n\n\n<div class=\"wp-block-file\"><object class=\"wp-block-file__embed\" data=\"https:\/\/pts.org.pl\/wp-content\/uploads\/2023\/10\/SAS-PTS_Rancew-Sikora_16.10.2023.pdf\" type=\"application\/pdf\" style=\"width:100%;height:600px\" aria-label=\"Osadzone z SAS-PTS_Rancew-Sikora_16.10.2023.\"><\/object><a href=\"https:\/\/pts.org.pl\/wp-content\/uploads\/2023\/10\/SAS-PTS_Rancew-Sikora_16.10.2023.pdf\">SAS-PTS_Rancew-Sikora_16.10.2023<\/a><a href=\"https:\/\/pts.org.pl\/wp-content\/uploads\/2023\/10\/SAS-PTS_Rancew-Sikora_16.10.2023.pdf\" class=\"wp-block-file__button\" download>Pobierz<\/a><\/div>\n","protected":false},"excerpt":{"rendered":"<p>Szanowni Pa\u0144stwo, Drogie Kole\u017canki, Drodzy Koledzy, Sekcja Antropologii Spo\u0142ecznej PTS serdecznie zaprasza na wyk\u0142ad dr hab.&nbsp;Doroty Rancew-Sikory, prof. UG, \u201eW stron\u0119 teorii (nie)go\u015bcinno\u015bci\u201d w dn.&nbsp;16 pa\u017adziernika 2023&nbsp;r., godz.&nbsp;17.00, do Instytutu Etnologii i Antropologii Kulturowej UW, ul. \u017burawia 4, sala 104. Dyskutanka: dr&nbsp;Marta Skowro\u0144ska. W tym roku SAS PTS planowa\u0142a zorganizowanie sympozjum po\u015bwi\u0119conego (nie)go\u015bcinno\u015bci. Otrzymali\u015bmy niestety [&hellip;]<\/p>\n","protected":false},"author":11,"featured_media":0,"comment_status":"open","ping_status":"open","sticky":false,"template":"","format":"standard","meta":[],"categories":[],"tags":[],"_links":{"self":[{"href":"https:\/\/pts.org.pl\/en\/wp-json\/wp\/v2\/posts\/6819"}],"collection":[{"href":"https:\/\/pts.org.pl\/en\/wp-json\/wp\/v2\/posts"}],"about":[{"href":"https:\/\/pts.org.pl\/en\/wp-json\/wp\/v2\/types\/post"}],"author":[{"embeddable":true,"href":"https:\/\/pts.org.pl\/en\/wp-json\/wp\/v2\/users\/11"}],"replies":[{"embeddable":true,"href":"https:\/\/pts.org.pl\/en\/wp-json\/wp\/v2\/comments?post=6819"}],"version-history":[{"count":2,"href":"https:\/\/pts.org.pl\/en\/wp-json\/wp\/v2\/posts\/6819\/revisions"}],"predecessor-version":[{"id":6823,"href":"https:\/\/pts.org.pl\/en\/wp-json\/wp\/v2\/posts\/6819\/revisions\/6823"}],"wp:attachment":[{"href":"https:\/\/pts.org.pl\/en\/wp-json\/wp\/v2\/media?parent=6819"}],"wp:term":[{"taxonomy":"category","embeddable":true,"href":"https:\/\/pts.org.pl\/en\/wp-json\/wp\/v2\/categories?post=6819"},{"taxonomy":"post_tag","embeddable":true,"href":"https:\/\/pts.org.pl\/en\/wp-json\/wp\/v2\/tags?post=6819"}],"curies":[{"name":"wp","href":"https:\/\/api.w.org\/{rel}","templated":true}]}}