{"id":6796,"date":"2023-09-27T07:40:10","date_gmt":"2023-09-27T07:40:10","guid":{"rendered":"https:\/\/pts.org.pl\/?p=6796"},"modified":"2023-09-28T06:25:59","modified_gmt":"2023-09-28T06:25:59","slug":"nagrody-pts-za-2023-rok","status":"publish","type":"post","link":"https:\/\/pts.org.pl\/en\/nagrody-pts-za-2023-rok\/","title":{"rendered":"Nagrody PTS za 2023 rok"},"content":{"rendered":"<div class=\"fcbkbttn_buttons_block\" id=\"fcbkbttn_left\"><div class=\"fcbkbttn_button\">\n                            <a href=\"https:\/\/www.facebook.com\/\" target=\"_blank\">\n                                <img src=\"https:\/\/pts.org.pl\/wp-content\/plugins\/facebook-button-plugin\/images\/standard-facebook-ico.png\" alt=\"Fb-Button\" \/>\n                            <\/a>\n                        <\/div><div class=\"fcbkbttn_like \"><fb:like href=\"https:\/\/pts.org.pl\/en\/nagrody-pts-za-2023-rok\/\" action=\"like\" colorscheme=\"light\" layout=\"button_count\"  size=\"small\"><\/fb:like><\/div><\/div>\n<p>Szanowni Pa\u0144stwo,<\/p>\n\n\n\n<p>Do dnia&nbsp;<strong>31 grudnia 2023&nbsp;roku<\/strong>&nbsp;mo\u017cna sk\u0142ada\u0107 wnioski do nagr\u00f3d PTS:<\/p>\n\n\n\n<ul><li><strong>im. Floriana Znanieckiego\u00a0<\/strong>(prace obronione w 2023\u00a0roku),<\/li><\/ul>\n\n\n\n<ul><li><strong>im. Stanis\u0142awa Ossowskiego (<\/strong>prace opublikowane w roku 2021, 2022\u00a0i 2023)<strong>,<\/strong><\/li><\/ul>\n\n\n\n<ul><li><strong>za najlepsze t\u0142umaczenie pracy socjologicznej\u00a0<\/strong>(prace opublikowane w roku 2022\u00a0i 2023),<\/li><\/ul>\n\n\n\n<ul><li><strong>im. Aleksandra Matejki\u00a0<\/strong>(prace opublikowane w roku 2022\u00a0i 2023)<\/li><\/ul>\n\n\n\n<ul><li><strong>oraz do nowej nagrody\u00a0<em>im. Zygmunta Baumana<\/em>\u00a0<\/strong>(prace opublikowane w 2023 roku).<\/li><\/ul>\n\n\n\n<p><\/p>\n\n\n\n<div class=\"wp-block-file\"><object class=\"wp-block-file__embed\" data=\"https:\/\/pts.org.pl\/wp-content\/uploads\/2023\/09\/Regulamin-Nagrody-im.-Floriana-Znanieckiego.pdf\" type=\"application\/pdf\" style=\"width:100%;height:600px\" aria-label=\"Osadzone z Regulamin Nagrody im. Floriana Znanieckiego.\"><\/object><a href=\"https:\/\/pts.org.pl\/wp-content\/uploads\/2023\/09\/Regulamin-Nagrody-im.-Floriana-Znanieckiego.pdf\">Regulamin Nagrody im. Floriana Znanieckiego<\/a><a href=\"https:\/\/pts.org.pl\/wp-content\/uploads\/2023\/09\/Regulamin-Nagrody-im.-Floriana-Znanieckiego.pdf\" class=\"wp-block-file__button\" download>Pobierz<\/a><\/div>\n\n\n\n<div class=\"wp-block-file\"><object class=\"wp-block-file__embed\" data=\"https:\/\/pts.org.pl\/wp-content\/uploads\/2023\/09\/STATUT-NAGRODY-im-S.-OSSOWSKIEGO.pdf\" type=\"application\/pdf\" style=\"width:100%;height:600px\" aria-label=\"Osadzone z STATUT-NAGRODY-im-S.-OSSOWSKIEGO.\"><\/object><a href=\"https:\/\/pts.org.pl\/wp-content\/uploads\/2023\/09\/STATUT-NAGRODY-im-S.-OSSOWSKIEGO.pdf\">STATUT-NAGRODY-im-S.-OSSOWSKIEGO<\/a><a href=\"https:\/\/pts.org.pl\/wp-content\/uploads\/2023\/09\/STATUT-NAGRODY-im-S.-OSSOWSKIEGO.pdf\" class=\"wp-block-file__button\" download>Pobierz<\/a><\/div>\n\n\n\n<div class=\"wp-block-file\"><object class=\"wp-block-file__embed\" data=\"https:\/\/pts.org.pl\/wp-content\/uploads\/2023\/09\/Regulamin-NAGRODA-ZA-NAJLEPSZE-TLUMACZENIE-NAUKOWYCH-TEKSTOW-SOCJOLOGICZNYCH.pdf\" type=\"application\/pdf\" style=\"width:100%;height:600px\" aria-label=\"Osadzone z Regulamin-NAGRODA-ZA-NAJLEPSZE-TLUMACZENIE-NAUKOWYCH-TEKSTOW-SOCJOLOGICZNYCH.\"><\/object><a href=\"https:\/\/pts.org.pl\/wp-content\/uploads\/2023\/09\/Regulamin-NAGRODA-ZA-NAJLEPSZE-TLUMACZENIE-NAUKOWYCH-TEKSTOW-SOCJOLOGICZNYCH.pdf\">Regulamin-NAGRODA-ZA-NAJLEPSZE-TLUMACZENIE-NAUKOWYCH-TEKSTOW-SOCJOLOGICZNYCH<\/a><a href=\"https:\/\/pts.org.pl\/wp-content\/uploads\/2023\/09\/Regulamin-NAGRODA-ZA-NAJLEPSZE-TLUMACZENIE-NAUKOWYCH-TEKSTOW-SOCJOLOGICZNYCH.pdf\" class=\"wp-block-file__button\" download>Pobierz<\/a><\/div>\n\n\n\n<div class=\"wp-block-file\"><object class=\"wp-block-file__embed\" data=\"https:\/\/pts.org.pl\/wp-content\/uploads\/2023\/09\/Regulamin-nagrody-im.-Prof.-Aleksandra-Matejki.pdf\" type=\"application\/pdf\" style=\"width:100%;height:600px\" aria-label=\"Osadzone z Regulamin-nagrody-im.-Prof.-Aleksandra-Matejki.\"><\/object><a href=\"https:\/\/pts.org.pl\/wp-content\/uploads\/2023\/09\/Regulamin-nagrody-im.-Prof.-Aleksandra-Matejki.pdf\">Regulamin-nagrody-im.-Prof.-Aleksandra-Matejki<\/a><a href=\"https:\/\/pts.org.pl\/wp-content\/uploads\/2023\/09\/Regulamin-nagrody-im.-Prof.-Aleksandra-Matejki.pdf\" class=\"wp-block-file__button\" download>Pobierz<\/a><\/div>\n\n\n\n<div class=\"wp-block-file\"><object class=\"wp-block-file__embed\" data=\"https:\/\/pts.org.pl\/wp-content\/uploads\/2023\/09\/Statut-nagrody-im.-Zygmunta-Baumana.pdf\" type=\"application\/pdf\" style=\"width:100%;height:600px\" aria-label=\"Osadzone z Statut-nagrody-im.-Zygmunta-Baumana.\"><\/object><a href=\"https:\/\/pts.org.pl\/wp-content\/uploads\/2023\/09\/Statut-nagrody-im.-Zygmunta-Baumana.pdf\">Statut-nagrody-im.-Zygmunta-Baumana<\/a><a href=\"https:\/\/pts.org.pl\/wp-content\/uploads\/2023\/09\/Statut-nagrody-im.-Zygmunta-Baumana.pdf\" class=\"wp-block-file__button\" download>Pobierz<\/a><\/div>\n","protected":false},"excerpt":{"rendered":"<p>Szanowni Pa\u0144stwo, Do dnia&nbsp;31 grudnia 2023&nbsp;roku&nbsp;mo\u017cna sk\u0142ada\u0107 wnioski do nagr\u00f3d PTS: im. Floriana Znanieckiego\u00a0(prace obronione w 2023\u00a0roku), im. Stanis\u0142awa Ossowskiego (prace opublikowane w roku 2021, 2022\u00a0i 2023), za najlepsze t\u0142umaczenie pracy socjologicznej\u00a0(prace opublikowane w roku 2022\u00a0i 2023), im. Aleksandra Matejki\u00a0(prace opublikowane w roku 2022\u00a0i 2023) oraz do nowej nagrody\u00a0im. Zygmunta Baumana\u00a0(prace opublikowane w 2023 roku).<\/p>\n","protected":false},"author":11,"featured_media":0,"comment_status":"open","ping_status":"open","sticky":false,"template":"","format":"standard","meta":[],"categories":[],"tags":[],"_links":{"self":[{"href":"https:\/\/pts.org.pl\/en\/wp-json\/wp\/v2\/posts\/6796"}],"collection":[{"href":"https:\/\/pts.org.pl\/en\/wp-json\/wp\/v2\/posts"}],"about":[{"href":"https:\/\/pts.org.pl\/en\/wp-json\/wp\/v2\/types\/post"}],"author":[{"embeddable":true,"href":"https:\/\/pts.org.pl\/en\/wp-json\/wp\/v2\/users\/11"}],"replies":[{"embeddable":true,"href":"https:\/\/pts.org.pl\/en\/wp-json\/wp\/v2\/comments?post=6796"}],"version-history":[{"count":3,"href":"https:\/\/pts.org.pl\/en\/wp-json\/wp\/v2\/posts\/6796\/revisions"}],"predecessor-version":[{"id":6804,"href":"https:\/\/pts.org.pl\/en\/wp-json\/wp\/v2\/posts\/6796\/revisions\/6804"}],"wp:attachment":[{"href":"https:\/\/pts.org.pl\/en\/wp-json\/wp\/v2\/media?parent=6796"}],"wp:term":[{"taxonomy":"category","embeddable":true,"href":"https:\/\/pts.org.pl\/en\/wp-json\/wp\/v2\/categories?post=6796"},{"taxonomy":"post_tag","embeddable":true,"href":"https:\/\/pts.org.pl\/en\/wp-json\/wp\/v2\/tags?post=6796"}],"curies":[{"name":"wp","href":"https:\/\/api.w.org\/{rel}","templated":true}]}}