{"id":6763,"date":"2023-09-21T11:09:45","date_gmt":"2023-09-21T11:09:45","guid":{"rendered":"https:\/\/pts.org.pl\/?p=6763"},"modified":"2023-09-21T11:09:48","modified_gmt":"2023-09-21T11:09:48","slug":"konferencja-sekcji-badan-biograficznych-metoda-biograficzna-w-naukach-spolecznych-trendy-i-kontrowersje","status":"publish","type":"post","link":"https:\/\/pts.org.pl\/en\/konferencja-sekcji-badan-biograficznych-metoda-biograficzna-w-naukach-spolecznych-trendy-i-kontrowersje\/","title":{"rendered":"Konferencja Sekcji Bada\u0144 Biograficznych &#8220;Metoda biograficzna w naukach spo\u0142ecznych. Trendy i kontrowersje&#8221;"},"content":{"rendered":"<div class=\"fcbkbttn_buttons_block\" id=\"fcbkbttn_left\"><div class=\"fcbkbttn_button\">\n                            <a href=\"https:\/\/www.facebook.com\/\" target=\"_blank\">\n                                <img src=\"https:\/\/pts.org.pl\/wp-content\/plugins\/facebook-button-plugin\/images\/standard-facebook-ico.png\" alt=\"Fb-Button\" \/>\n                            <\/a>\n                        <\/div><div class=\"fcbkbttn_like \"><fb:like href=\"https:\/\/pts.org.pl\/en\/konferencja-sekcji-badan-biograficznych-metoda-biograficzna-w-naukach-spolecznych-trendy-i-kontrowersje\/\" action=\"like\" colorscheme=\"light\" layout=\"button_count\"  size=\"small\"><\/fb:like><\/div><\/div>\n<p>Serdecznie zapraszamy na Konferencj\u0119 Sekcji Bada\u0144 Biograficznych Polskiego Towarzystwa Socjologicznego \u201eMetoda biograficzna w naukach spo\u0142ecznych. Trendy i kontrowersje\u201d, kt\u00f3ra odb\u0119dzie si\u0119 w dniach 7-9.12.2023 w \u0141odzi, w Centrum Szkoleniowo-Konferencyjnym U\u0141, przy ul. Rogowskiej 26.<br><br>Jako \u015brodowisko badaczek i badaczy biograficznych obserwujemy sta\u0142e zainteresowanie metod\u0105 biograficzn\u0105 i dokumentami osobistymi obecne w naukach spo\u0142ecznych. Pr\u00f3by tw\u00f3rczego rozwoju czy te\u017c krytycznego przepracowania zar\u00f3wno technik zbierania danych, podej\u015b\u0107 teoretycznych, jak i narz\u0119dzi analitycznych pojawiaj\u0105 si\u0119 w kolejnych inicjatywach badawczych, kt\u00f3re wykorzystuj\u0105 materia\u0142y zastane i dane wywo\u0142ywane. Pojawiaj\u0105 si\u0119 zatem nowe sposoby odczytania i wykorzystania metody biograficznej oraz stoj\u0105cej za ni\u0105 aparatury analitycznej.<\/p>\n\n\n\n<p>Konferencja stanowi\u0107 b\u0119dzie okazj\u0119 do zmapowania stanu i zakresu aktywno\u015bci badawczych podejmowanych przez badaczki i badaczy biograficznych, a towarzyszy\u0107 temu b\u0119d\u0105 pytania&nbsp; o aktualny status metody biograficznej w kontek\u015bcie zmian sposob\u00f3w opowiadania o w\u0142asnym \u017cyciu.<br><br>CZAS I MIEJSCE KONFERENCJI:<\/p>\n\n\n\n<p>7-9.12.2023, Centrum Szkoleniowo-Konferencyjne U\u0141, ul. Rogowska 26, 91-529 \u0141\u00f3d\u017a<\/p>\n\n\n\n<p><a href=\"https:\/\/www.uni.lodz.pl\/wspolpraca\/centrum-szkoleniowo-konferencyjne-rogowska\">https:\/\/www.uni.lodz.pl\/wspolpraca\/centrum-szkoleniowo-konferencyjne-rogowska<\/a><\/p>\n\n\n\n<p>KOSZTY UDZIA\u0141U:<\/p>\n\n\n\n<p>Op\u0142ata konferencyjna: 450,00 PLN (obejmuj\u0105ca: przerwy kawowe, dwa obiady, kolacj\u0119, imprez\u0119 integracyjn\u0105).<\/p>\n\n\n\n<p>W o\u015brodku konferencyjnym mo\u017cna tak\u017ce zarezerwowa\u0107 pok\u00f3j:<\/p>\n\n\n\n<p>\u2022 jednoosobowy: 100,00 PLN za nocleg (+30,00 PLN za \u015bniadanie)<\/p>\n\n\n\n<p>\u2022 dwuosobowy: 110,00 PLN za nocleg (55,00 PLN za osob\u0119) (+30,00 PLN za \u015bniadanie).<\/p>\n\n\n\n<p>W formularzu rejestracyjnym prosimy o zaznaczenie: czy i ile nocleg\u00f3w Pa\u0144stwo rezerwuj\u0105.<\/p>\n\n\n\n<p>TERMINY:<\/p>\n\n\n\n<p><strong>Termin nadsy\u0142ania abstrakt\u00f3w: 15 pa\u017adziernika 2023<\/strong><\/p>\n\n\n\n<p><strong>Informacja o przyj\u0119ciu abstraktu: 6 listopada 2023<\/strong><\/p>\n\n\n\n<p>SPOS\u00d3B SK\u0141ADANIA ABSTRAKTU I REJESTRACJA:<\/p>\n\n\n\n<p>Link do formularza:&nbsp;<a href=\"https:\/\/forms.gle\/AAwJ19exGKMKKSVV8\" target=\"_blank\" rel=\"noreferrer noopener\">https:\/\/forms.gle\/AAwJ19exGKMKKSVV8<\/a>&nbsp;<\/p>\n\n\n\n<p>Szczeg\u00f3\u0142owe informacje na temat konferencji znajd\u0105 Pa\u0144stwo w za\u0142\u0105czonej ulotce.<\/p>\n\n\n\n<p>KONTAKT:<\/p>\n\n\n\n<p>W razie pyta\u0144 prosimy o kontakt poprzez adres mailowy:<\/p>\n\n\n\n<p><a href=\"mailto:konferencjabiograficzna2023@gmail.com\" target=\"_blank\" rel=\"noreferrer noopener\">konferencjabiograficzna2023@gmail.com<\/a>&nbsp;&nbsp;<\/p>\n\n\n\n<p>Z wyrazami szacunku,<\/p>\n\n\n\n<p>Zarz\u0105d Sekcji Bada\u0144 Biograficznych<\/p>\n\n\n\n<div class=\"wp-block-file\"><object class=\"wp-block-file__embed\" data=\"https:\/\/pts.org.pl\/wp-content\/uploads\/2023\/09\/Zaproszenie-na-konferencje-Metoda-biograficzna-w-naukach-spolecznych.pdf\" type=\"application\/pdf\" style=\"width:100%;height:600px\" aria-label=\"Osadzone z Zaproszenie-na-konferencje-Metoda-biograficzna-w-naukach-spolecznych.\"><\/object><a href=\"https:\/\/pts.org.pl\/wp-content\/uploads\/2023\/09\/Zaproszenie-na-konferencje-Metoda-biograficzna-w-naukach-spolecznych.pdf\">Zaproszenie-na-konferencje-Metoda-biograficzna-w-naukach-spolecznych<\/a><a href=\"https:\/\/pts.org.pl\/wp-content\/uploads\/2023\/09\/Zaproszenie-na-konferencje-Metoda-biograficzna-w-naukach-spolecznych.pdf\" class=\"wp-block-file__button\" download>Pobierz<\/a><\/div>\n","protected":false},"excerpt":{"rendered":"<p>Serdecznie zapraszamy na Konferencj\u0119 Sekcji Bada\u0144 Biograficznych Polskiego Towarzystwa Socjologicznego \u201eMetoda biograficzna w naukach spo\u0142ecznych. Trendy i kontrowersje\u201d, kt\u00f3ra odb\u0119dzie si\u0119 w dniach 7-9.12.2023 w \u0141odzi, w Centrum Szkoleniowo-Konferencyjnym U\u0141, przy ul. Rogowskiej 26. Jako \u015brodowisko badaczek i badaczy biograficznych obserwujemy sta\u0142e zainteresowanie metod\u0105 biograficzn\u0105 i dokumentami osobistymi obecne w naukach spo\u0142ecznych. Pr\u00f3by tw\u00f3rczego rozwoju [&hellip;]<\/p>\n","protected":false},"author":11,"featured_media":0,"comment_status":"open","ping_status":"open","sticky":false,"template":"","format":"standard","meta":[],"categories":[],"tags":[],"_links":{"self":[{"href":"https:\/\/pts.org.pl\/en\/wp-json\/wp\/v2\/posts\/6763"}],"collection":[{"href":"https:\/\/pts.org.pl\/en\/wp-json\/wp\/v2\/posts"}],"about":[{"href":"https:\/\/pts.org.pl\/en\/wp-json\/wp\/v2\/types\/post"}],"author":[{"embeddable":true,"href":"https:\/\/pts.org.pl\/en\/wp-json\/wp\/v2\/users\/11"}],"replies":[{"embeddable":true,"href":"https:\/\/pts.org.pl\/en\/wp-json\/wp\/v2\/comments?post=6763"}],"version-history":[{"count":1,"href":"https:\/\/pts.org.pl\/en\/wp-json\/wp\/v2\/posts\/6763\/revisions"}],"predecessor-version":[{"id":6765,"href":"https:\/\/pts.org.pl\/en\/wp-json\/wp\/v2\/posts\/6763\/revisions\/6765"}],"wp:attachment":[{"href":"https:\/\/pts.org.pl\/en\/wp-json\/wp\/v2\/media?parent=6763"}],"wp:term":[{"taxonomy":"category","embeddable":true,"href":"https:\/\/pts.org.pl\/en\/wp-json\/wp\/v2\/categories?post=6763"},{"taxonomy":"post_tag","embeddable":true,"href":"https:\/\/pts.org.pl\/en\/wp-json\/wp\/v2\/tags?post=6763"}],"curies":[{"name":"wp","href":"https:\/\/api.w.org\/{rel}","templated":true}]}}