{"id":6745,"date":"2023-09-16T11:05:00","date_gmt":"2023-09-16T11:05:00","guid":{"rendered":"https:\/\/pts.org.pl\/?p=6745"},"modified":"2023-09-17T11:07:54","modified_gmt":"2023-09-17T11:07:54","slug":"przedluzenie-nominowania-do-nagrody-im-stefana-nowaka-edycja-2023","status":"publish","type":"post","link":"https:\/\/pts.org.pl\/en\/przedluzenie-nominowania-do-nagrody-im-stefana-nowaka-edycja-2023\/","title":{"rendered":"PRZED\u0141U\u017bENIE NOMINOWANIA DO NAGRODY IM. STEFANA NOWAKA. EDYCJA 2023"},"content":{"rendered":"<div class=\"fcbkbttn_buttons_block\" id=\"fcbkbttn_left\"><div class=\"fcbkbttn_button\">\n                            <a href=\"https:\/\/www.facebook.com\/\" target=\"_blank\">\n                                <img src=\"https:\/\/pts.org.pl\/wp-content\/plugins\/facebook-button-plugin\/images\/standard-facebook-ico.png\" alt=\"Fb-Button\" \/>\n                            <\/a>\n                        <\/div><div class=\"fcbkbttn_like \"><fb:like href=\"https:\/\/pts.org.pl\/en\/przedluzenie-nominowania-do-nagrody-im-stefana-nowaka-edycja-2023\/\" action=\"like\" colorscheme=\"light\" layout=\"button_count\"  size=\"small\"><\/fb:like><\/div><\/div>\n<p class=\"has-text-align-center\">Jury Nagrody im. Stefana Nowaka, przyznawanej przez Wydzia\u0142 Socjologii Uniwersytetu Warszawskiego za \u201cosi\u0105gni\u0119cia w metodologii bada\u0144 spo\u0142ecznych oraz za nowatorskie metodologicznie badania spo\u0142ecze\u0144stwa polskiego\u201d,&nbsp;<strong>przed\u0142u\u017ca nominowanie kandydat\u00f3w do Nagrody do 2 pa\u017adziernika br.<\/strong><\/p>\n\n\n\n<p class=\"has-text-align-center\">Nagroda przyznawana jest za prace opublikowane w okresie ostatnich trzech lat poprzedzaj\u0105cych rok, w kt\u00f3rym przyznaje si\u0119 Nagrod\u0119 (2020-2022).&nbsp; Nagrodzona mo\u017ce by\u0107 tak\u017ce seria prac.&nbsp;<\/p>\n\n\n\n<p class=\"has-text-align-center\">Idea Nagrody, lista dotychczasowych laureat\u00f3w oraz regulamin konkursu znajduj\u0105 si\u0119&nbsp;<a href=\"https:\/\/ws.uw.edu.pl\/wydzial\/nagroda-im-stefana-nowaka\/\" target=\"_blank\" rel=\"noreferrer noopener\">TUTAJ<\/a>.<\/p>\n\n\n\n<p class=\"has-text-align-center\">Nominacje wraz z uzasadnieniem oraz publikacje kandydata do Nagrody, kt\u00f3re b\u0119d\u0105 przedmiotem oceny przez jury (preferowane w wersji elektronicznej) nale\u017cy kierowa\u0107 na adres e-mail:&nbsp;&nbsp;<a href=\"mailto:nagroda_nowaka@is.uw.edu.pl\" target=\"_blank\" rel=\"noreferrer noopener\">nagroda_nowaka@is.uw.edu.pl<\/a>&nbsp;lub na adres stacjonarny:<\/p>\n\n\n\n<p class=\"has-text-align-center\">Jakub Motrenko<\/p>\n\n\n\n<p class=\"has-text-align-center\">Wydzia\u0142 Socjologii<\/p>\n\n\n\n<p class=\"has-text-align-center\">ul. Karowa 18<\/p>\n\n\n\n<p class=\"has-text-align-center\">00-927 Warszawa<\/p>\n\n\n\n<p class=\"has-text-align-center\">z dopiskiem: Nagroda Nowaka<\/p>\n\n\n\n<p><\/p>\n\n\n\n<p class=\"has-text-align-center\">prof. Miros\u0142awa Grabowska<\/p>\n\n\n\n<p class=\"has-text-align-center\">dr hab. Jacek Haman (przewodnicz\u0105cy jury)<\/p>\n\n\n\n<p class=\"has-text-align-center\">dr Jakub Motrenko<\/p>\n","protected":false},"excerpt":{"rendered":"<p>Jury Nagrody im. Stefana Nowaka, przyznawanej przez Wydzia\u0142 Socjologii Uniwersytetu Warszawskiego za \u201cosi\u0105gni\u0119cia w metodologii bada\u0144 spo\u0142ecznych oraz za nowatorskie metodologicznie badania spo\u0142ecze\u0144stwa polskiego\u201d,&nbsp;przed\u0142u\u017ca nominowanie kandydat\u00f3w do Nagrody do 2 pa\u017adziernika br. Nagroda przyznawana jest za prace opublikowane w okresie ostatnich trzech lat poprzedzaj\u0105cych rok, w kt\u00f3rym przyznaje si\u0119 Nagrod\u0119 (2020-2022).&nbsp; Nagrodzona mo\u017ce by\u0107 tak\u017ce [&hellip;]<\/p>\n","protected":false},"author":11,"featured_media":0,"comment_status":"open","ping_status":"open","sticky":false,"template":"","format":"standard","meta":[],"categories":[],"tags":[],"_links":{"self":[{"href":"https:\/\/pts.org.pl\/en\/wp-json\/wp\/v2\/posts\/6745"}],"collection":[{"href":"https:\/\/pts.org.pl\/en\/wp-json\/wp\/v2\/posts"}],"about":[{"href":"https:\/\/pts.org.pl\/en\/wp-json\/wp\/v2\/types\/post"}],"author":[{"embeddable":true,"href":"https:\/\/pts.org.pl\/en\/wp-json\/wp\/v2\/users\/11"}],"replies":[{"embeddable":true,"href":"https:\/\/pts.org.pl\/en\/wp-json\/wp\/v2\/comments?post=6745"}],"version-history":[{"count":1,"href":"https:\/\/pts.org.pl\/en\/wp-json\/wp\/v2\/posts\/6745\/revisions"}],"predecessor-version":[{"id":6746,"href":"https:\/\/pts.org.pl\/en\/wp-json\/wp\/v2\/posts\/6745\/revisions\/6746"}],"wp:attachment":[{"href":"https:\/\/pts.org.pl\/en\/wp-json\/wp\/v2\/media?parent=6745"}],"wp:term":[{"taxonomy":"category","embeddable":true,"href":"https:\/\/pts.org.pl\/en\/wp-json\/wp\/v2\/categories?post=6745"},{"taxonomy":"post_tag","embeddable":true,"href":"https:\/\/pts.org.pl\/en\/wp-json\/wp\/v2\/tags?post=6745"}],"curies":[{"name":"wp","href":"https:\/\/api.w.org\/{rel}","templated":true}]}}