{"id":6739,"date":"2023-09-17T10:24:41","date_gmt":"2023-09-17T10:24:41","guid":{"rendered":"https:\/\/pts.org.pl\/?p=6739"},"modified":"2023-09-17T10:24:43","modified_gmt":"2023-09-17T10:24:43","slug":"v-krajowa-konferencja-naukowo-szkoleniowa-socjologia-medycyny-promocja-zdrowia-wellbeing","status":"publish","type":"post","link":"https:\/\/pts.org.pl\/en\/v-krajowa-konferencja-naukowo-szkoleniowa-socjologia-medycyny-promocja-zdrowia-wellbeing\/","title":{"rendered":"V Krajowa Konferencja Naukowo-Szkoleniowa &#8220;Socjologia medycyny &#8211; promocja zdrowia &#8211; wellbeing&#8221;"},"content":{"rendered":"<div class=\"fcbkbttn_buttons_block\" id=\"fcbkbttn_left\"><div class=\"fcbkbttn_button\">\n                            <a href=\"https:\/\/www.facebook.com\/\" target=\"_blank\">\n                                <img src=\"https:\/\/pts.org.pl\/wp-content\/plugins\/facebook-button-plugin\/images\/standard-facebook-ico.png\" alt=\"Fb-Button\" \/>\n                            <\/a>\n                        <\/div><div class=\"fcbkbttn_like \"><fb:like href=\"https:\/\/pts.org.pl\/en\/v-krajowa-konferencja-naukowo-szkoleniowa-socjologia-medycyny-promocja-zdrowia-wellbeing\/\" action=\"like\" colorscheme=\"light\" layout=\"button_count\"  size=\"small\"><\/fb:like><\/div><\/div>\n<p>W dniach 22-23 wrze\u015bnia 2023 r. (pi\u0105tek-sobota) we Wroc\u0142awiu odb\u0119dzie si\u0119 V Krajowa Konferencja Naukowo-Szkoleniowa &#8220;Socjologia medycyny &#8211; promocja zdrowia &#8211; wellbeing&#8221;.<\/p>\n\n\n\n<p><br>Miejsce obrad: Hotel Ibis Styles Wroc\u0142aw Centrum, ul. Plac Konstytucji 3 Maja, 50-083 Wroc\u0142aw.<\/p>\n\n\n\n<p><br>W za\u0142\u0105czeniu znajduje si\u0119 aktualny Program Szczeg\u00f3\u0142owy Konferencji wraz z Ksi\u0105\u017ck\u0105 Streszcze\u0144.<\/p>\n\n\n\n<figure class=\"wp-block-gallery columns-1 is-cropped\"><ul class=\"blocks-gallery-grid\"><li class=\"blocks-gallery-item\"><figure><img loading=\"lazy\" width=\"930\" height=\"375\" src=\"https:\/\/pts.org.pl\/wp-content\/uploads\/2023\/07\/VKKNS.jpg\" alt=\"\" data-id=\"6678\" data-full-url=\"https:\/\/pts.org.pl\/wp-content\/uploads\/2023\/07\/VKKNS.jpg\" data-link=\"https:\/\/pts.org.pl\/sekcje\/sekcja-socj-zdrowia-i-medycyny\/vkkns\/\" class=\"wp-image-6678\" srcset=\"https:\/\/pts.org.pl\/wp-content\/uploads\/2023\/07\/VKKNS.jpg 930w, https:\/\/pts.org.pl\/wp-content\/uploads\/2023\/07\/VKKNS-300x121.jpg 300w, https:\/\/pts.org.pl\/wp-content\/uploads\/2023\/07\/VKKNS-768x310.jpg 768w\" sizes=\"(max-width: 930px) 100vw, 930px\" \/><\/figure><\/li><\/ul><\/figure>\n\n\n\n<div class=\"wp-block-file\"><object class=\"wp-block-file__embed\" data=\"https:\/\/pts.org.pl\/wp-content\/uploads\/2023\/09\/VKKNSprogram.pdf\" type=\"application\/pdf\" style=\"width:100%;height:600px\" aria-label=\"Osadzone z VKKNSprogram.\"><\/object><a href=\"https:\/\/pts.org.pl\/wp-content\/uploads\/2023\/09\/VKKNSprogram.pdf\">VKKNSprogram<\/a><a href=\"https:\/\/pts.org.pl\/wp-content\/uploads\/2023\/09\/VKKNSprogram.pdf\" class=\"wp-block-file__button\" download>Pobierz<\/a><\/div>\n\n\n\n<div class=\"wp-block-file\"><object class=\"wp-block-file__embed\" data=\"https:\/\/pts.org.pl\/wp-content\/uploads\/2023\/09\/VKKNSksiazkastreszczen.pdf\" type=\"application\/pdf\" style=\"width:100%;height:600px\" aria-label=\"Osadzone z VKKNSksiazkastreszczen.\"><\/object><a href=\"https:\/\/pts.org.pl\/wp-content\/uploads\/2023\/09\/VKKNSksiazkastreszczen.pdf\">VKKNSksiazkastreszczen<\/a><a href=\"https:\/\/pts.org.pl\/wp-content\/uploads\/2023\/09\/VKKNSksiazkastreszczen.pdf\" class=\"wp-block-file__button\" download>Pobierz<\/a><\/div>\n","protected":false},"excerpt":{"rendered":"<p>W dniach 22-23 wrze\u015bnia 2023 r. (pi\u0105tek-sobota) we Wroc\u0142awiu odb\u0119dzie si\u0119 V Krajowa Konferencja Naukowo-Szkoleniowa &#8220;Socjologia medycyny &#8211; promocja zdrowia &#8211; wellbeing&#8221;. Miejsce obrad: Hotel Ibis Styles Wroc\u0142aw Centrum, ul. Plac Konstytucji 3 Maja, 50-083 Wroc\u0142aw. W za\u0142\u0105czeniu znajduje si\u0119 aktualny Program Szczeg\u00f3\u0142owy Konferencji wraz z Ksi\u0105\u017ck\u0105 Streszcze\u0144.<\/p>\n","protected":false},"author":11,"featured_media":0,"comment_status":"open","ping_status":"open","sticky":false,"template":"","format":"standard","meta":[],"categories":[],"tags":[],"_links":{"self":[{"href":"https:\/\/pts.org.pl\/en\/wp-json\/wp\/v2\/posts\/6739"}],"collection":[{"href":"https:\/\/pts.org.pl\/en\/wp-json\/wp\/v2\/posts"}],"about":[{"href":"https:\/\/pts.org.pl\/en\/wp-json\/wp\/v2\/types\/post"}],"author":[{"embeddable":true,"href":"https:\/\/pts.org.pl\/en\/wp-json\/wp\/v2\/users\/11"}],"replies":[{"embeddable":true,"href":"https:\/\/pts.org.pl\/en\/wp-json\/wp\/v2\/comments?post=6739"}],"version-history":[{"count":1,"href":"https:\/\/pts.org.pl\/en\/wp-json\/wp\/v2\/posts\/6739\/revisions"}],"predecessor-version":[{"id":6742,"href":"https:\/\/pts.org.pl\/en\/wp-json\/wp\/v2\/posts\/6739\/revisions\/6742"}],"wp:attachment":[{"href":"https:\/\/pts.org.pl\/en\/wp-json\/wp\/v2\/media?parent=6739"}],"wp:term":[{"taxonomy":"category","embeddable":true,"href":"https:\/\/pts.org.pl\/en\/wp-json\/wp\/v2\/categories?post=6739"},{"taxonomy":"post_tag","embeddable":true,"href":"https:\/\/pts.org.pl\/en\/wp-json\/wp\/v2\/tags?post=6739"}],"curies":[{"name":"wp","href":"https:\/\/api.w.org\/{rel}","templated":true}]}}