{"id":6735,"date":"2023-09-14T11:21:52","date_gmt":"2023-09-14T11:21:52","guid":{"rendered":"https:\/\/pts.org.pl\/?p=6735"},"modified":"2023-09-14T11:26:41","modified_gmt":"2023-09-14T11:26:41","slug":"konferencja-socjologia-ciala-i-socjologia-sportu-16-17-09-2023","status":"publish","type":"post","link":"https:\/\/pts.org.pl\/en\/konferencja-socjologia-ciala-i-socjologia-sportu-16-17-09-2023\/","title":{"rendered":"Konferencja &#8220;Socjologia cia\u0142a i socjologia sportu&#8230;&#8221; 16-17.09.2023"},"content":{"rendered":"<div class=\"fcbkbttn_buttons_block\" id=\"fcbkbttn_left\"><div class=\"fcbkbttn_button\">\n                            <a href=\"https:\/\/www.facebook.com\/\" target=\"_blank\">\n                                <img src=\"https:\/\/pts.org.pl\/wp-content\/plugins\/facebook-button-plugin\/images\/standard-facebook-ico.png\" alt=\"Fb-Button\" \/>\n                            <\/a>\n                        <\/div><div class=\"fcbkbttn_like \"><fb:like href=\"https:\/\/pts.org.pl\/en\/konferencja-socjologia-ciala-i-socjologia-sportu-16-17-09-2023\/\" action=\"like\" colorscheme=\"light\" layout=\"button_count\"  size=\"small\"><\/fb:like><\/div><\/div>\n<p>Szanowni Pa\u0144stwo,\u00a0<\/p>\n\n\n\n<p>Tylko do 30 wrze\u015bnia mo\u017cna nadsy\u0142a\u0107 zg\u0142oszenia na konferencj\u0119 \u201eSocjologia cia\u0142a i socjologia sportu. Stan bada\u0144 i wzajemne inspiracje\u201d . Wydarzenie odb\u0119dzie si\u0119 w \u0141odzi, w dniach 16-17 listopada 2023 r. <\/p>\n\n\n\n<p>Organizatorami konferencji s\u0105 Sekcja Socjologii Cia\u0142a, Sekcja Socjologii Sportu, Oddzia\u0142 \u0141\u00f3dzki PTS oraz Instytut Socjologii U\u0141. <\/p>\n\n\n\n<p>Wi\u0119cej szczeg\u00f3\u0142\u00f3w w za\u0142\u0105czniku.\u00a0<\/p>\n\n\n\n<p>Serdecznie zapraszamy !\u00a0<\/p>\n\n\n\n<p>Organizatorzy<\/p>\n\n\n\n<div class=\"wp-block-file\"><object class=\"wp-block-file__embed\" data=\"https:\/\/pts.org.pl\/wp-content\/uploads\/2023\/09\/CfP_Socjologia-ciala_socjologia-sportu.pdf\" type=\"application\/pdf\" style=\"width:100%;height:600px\" aria-label=\"Osadzone z CfP_Socjologia-ciala_socjologia-sportu.\"><\/object><a href=\"https:\/\/pts.org.pl\/wp-content\/uploads\/2023\/09\/CfP_Socjologia-ciala_socjologia-sportu.pdf\">CfP_Socjologia-ciala_socjologia-sportu<\/a><a href=\"https:\/\/pts.org.pl\/wp-content\/uploads\/2023\/09\/CfP_Socjologia-ciala_socjologia-sportu.pdf\" class=\"wp-block-file__button\" download>Pobierz<\/a><\/div>\n","protected":false},"excerpt":{"rendered":"<p>Szanowni Pa\u0144stwo,\u00a0 Tylko do 30 wrze\u015bnia mo\u017cna nadsy\u0142a\u0107 zg\u0142oszenia na konferencj\u0119 \u201eSocjologia cia\u0142a i socjologia sportu. Stan bada\u0144 i wzajemne inspiracje\u201d . Wydarzenie odb\u0119dzie si\u0119 w \u0141odzi, w dniach 16-17 listopada 2023 r. Organizatorami konferencji s\u0105 Sekcja Socjologii Cia\u0142a, Sekcja Socjologii Sportu, Oddzia\u0142 \u0141\u00f3dzki PTS oraz Instytut Socjologii U\u0141. Wi\u0119cej szczeg\u00f3\u0142\u00f3w w za\u0142\u0105czniku.\u00a0 Serdecznie zapraszamy [&hellip;]<\/p>\n","protected":false},"author":11,"featured_media":0,"comment_status":"open","ping_status":"open","sticky":false,"template":"","format":"standard","meta":[],"categories":[],"tags":[],"_links":{"self":[{"href":"https:\/\/pts.org.pl\/en\/wp-json\/wp\/v2\/posts\/6735"}],"collection":[{"href":"https:\/\/pts.org.pl\/en\/wp-json\/wp\/v2\/posts"}],"about":[{"href":"https:\/\/pts.org.pl\/en\/wp-json\/wp\/v2\/types\/post"}],"author":[{"embeddable":true,"href":"https:\/\/pts.org.pl\/en\/wp-json\/wp\/v2\/users\/11"}],"replies":[{"embeddable":true,"href":"https:\/\/pts.org.pl\/en\/wp-json\/wp\/v2\/comments?post=6735"}],"version-history":[{"count":1,"href":"https:\/\/pts.org.pl\/en\/wp-json\/wp\/v2\/posts\/6735\/revisions"}],"predecessor-version":[{"id":6737,"href":"https:\/\/pts.org.pl\/en\/wp-json\/wp\/v2\/posts\/6735\/revisions\/6737"}],"wp:attachment":[{"href":"https:\/\/pts.org.pl\/en\/wp-json\/wp\/v2\/media?parent=6735"}],"wp:term":[{"taxonomy":"category","embeddable":true,"href":"https:\/\/pts.org.pl\/en\/wp-json\/wp\/v2\/categories?post=6735"},{"taxonomy":"post_tag","embeddable":true,"href":"https:\/\/pts.org.pl\/en\/wp-json\/wp\/v2\/tags?post=6735"}],"curies":[{"name":"wp","href":"https:\/\/api.w.org\/{rel}","templated":true}]}}