{"id":6614,"date":"2023-07-19T15:26:53","date_gmt":"2023-07-19T15:26:53","guid":{"rendered":"https:\/\/pts.org.pl\/?p=6614"},"modified":"2023-07-19T15:26:56","modified_gmt":"2023-07-19T15:26:56","slug":"sami-sobie-o-sobie-przed-ostatnim-zjazdem","status":"publish","type":"post","link":"https:\/\/pts.org.pl\/en\/sami-sobie-o-sobie-przed-ostatnim-zjazdem\/","title":{"rendered":"Sami sobie o sobie przed ostatnim Zjazdem"},"content":{"rendered":"<div class=\"fcbkbttn_buttons_block\" id=\"fcbkbttn_left\"><div class=\"fcbkbttn_button\">\n                            <a href=\"https:\/\/www.facebook.com\/\" target=\"_blank\">\n                                <img src=\"https:\/\/pts.org.pl\/wp-content\/plugins\/facebook-button-plugin\/images\/standard-facebook-ico.png\" alt=\"Fb-Button\" \/>\n                            <\/a>\n                        <\/div><div class=\"fcbkbttn_like \"><fb:like href=\"https:\/\/pts.org.pl\/en\/sami-sobie-o-sobie-przed-ostatnim-zjazdem\/\" action=\"like\" colorscheme=\"light\" layout=\"button_count\"  size=\"small\"><\/fb:like><\/div><\/div>\n<p>Tu\u017c przed XVIII Zjazdem Socjologicznym jego Rada Programowa zwr\u00f3ci\u0142a si\u0119 imiennie do oko\u0142o stu socjolog\u00f3w obojga p\u0142ci, r\u00f3\u017cnych pokole\u0144, r\u00f3\u017cnych specjalno\u015bci i z r\u00f3\u017cnych miast z pro\u015bb\u0105 o wypowiedzi w kilku kwestiach podstawowych dla naszej dyscypliny.<\/p>\n\n\n\n<p>1. W ostatnich dekadach spo\u0142ecze\u0144stwo polskie do\u015bwiadcza wielkich zmian. Czy Pani\/Pana zdaniem socjologia polska je opisa\u0142a, uog\u00f3lni\u0142a i teoretycznie zinterpretowa\u0142a? Co uchwyci\u0142a, a co pomin\u0119\u0142a? Co wnosi do socjologii \u015bwiatowej?<\/p>\n\n\n\n<p>2. Zmiany dokona\u0142y si\u0119 tak\u017ce w samym \u017cyciu i otoczeniu instytucjonalnym socjologii, m.in. nast\u0119puj\u0105 w niej kolejne zmiany pokoleniowe. Jak Pani\/Pan je widzi i ocenia? Jakie widzi \u201emotory i hamulce\u201d przysz\u0142ego rozwoju socjologii?<\/p>\n\n\n\n<p>3. Zmianie uleg\u0142a funkcja spo\u0142eczna socjologii. Jak widzi Pani\/Pan dzisiejsze relacje mi\u0119dzy socjologi\u0105 a spo\u0142ecze\u0144stwem i w\u0142adz\u0105 polityczn\u0105, aktywizm spo\u0142eczny<\/p>\n\n\n\n<p>socjolog\u00f3w i krzewienie wyobra\u017ani socjologicznej?<\/p>\n\n\n\n<p>Na ankiet\u0119 wp\u0142yn\u0119\u0142o (tylko) 11 odpowiedzi. Nades\u0142ali je: Izabella Bukraba-Rylska (CC), Miko\u0142aj Cze\u015bnik (SWPS), Izabela Grabowska (ALK), Micha\u0142 Kaczmarczyk (UG), Krzysztof T. Konecki (U\u0141), Maciej Kowalewski (USz), Lucjan Mi\u015b (UJ)), Magdalena Nowicka-Franczak (U\u0141), Andrzej S\u0142abo\u0144 (UEK), Marek S. Szczepa\u0144ski (U\u015a) i Anna \u015aliz (SGGW). Ma\u0142a liczba zwrot\u00f3w sprawi\u0142a, \u017ce w czasie Zjazdu nie odby\u0142a si\u0119 planowana na podstawie odpowiedzi, dyskusja na temat stanu i perspektyw socjologii w Polsce. Ca\u0142y blok wypowiedzi ukaza\u0142 si\u0119 natomiast w \u201eKulturze i Spo\u0142ecze\u0144stwie\u201d (2023 nr 2, dost\u0119pny on-line) \u2013 z nadziej\u0105, \u017ce zainspiruj\u0105 one towarzystwo socjologiczne do refleksji i dyskusji nad sob\u0105. Pozostanie on te\u017c zapisem samo\u015bwiadomo\u015bci socjolog\u00f3w polskich A.D. 2022. Zapewne te\u017c niejednego zastanowi fakt, \u017ce socjologowie, kt\u00f3rzy tak ch\u0119tnie zadaj\u0105 pytania innym, tak niech\u0119tnie odpowiedzieli na tylko trzy pytania i m postawione \u2026<\/p>\n\n\n\n<p>Autorzy nie stanowi\u0105 ani statystycznej, ani typologicznej reprezentacji socjolog\u00f3w polskich. W ich wypowiedziach znajdujemy jednak, w\u0142asne lub przywo\u0142ane opinie, kt\u00f3re reprezentuj\u0105 znaczn\u0105 cz\u0119\u015b\u0107 pogl\u0105d\u00f3w polskich socjolog\u00f3w. Tak\u017ce dlatego trzeba czyta\u0107 je z uwag\u0105, pami\u0119taj\u0105c wszak\u017ce o niepoznanych opiniach innych socjolog\u00f3w.<\/p>\n\n\n\n<p>Wypowiedzi poprzedzone s\u0105, napisanym przez inicjatora ankiety, prospektywnym rzutem oka na ca\u0142o\u015b\u0107, jego trzy sekcje odnosz\u0105 si\u0119 do kolejnych pyta\u0144 i udzielonych na nie odpowiedzi. Oto podsumowania kolejnych sekcji:<\/p>\n\n\n\n<p>1. \u201eKlimat odczuwany\u201d wypowiadanych przez socjolog\u00f3w ocen swej dyscypliny w ci\u0105gu pokolenia przeby\u0142 drog\u0119 od transformacyjnej euforii do stanu, kt\u00f3ry nie\u017ale oddaje s\u0142owo malaise.<\/p>\n\n\n\n<p>2. Plemi\u0119 socjolog\u00f3w reaguje na istotne zmiany w otoczeniu podobnie jak na presj\u0119 zmian reaguj\u0105 r\u00f3\u017cne opisywane przez socjolog\u00f3w spo\u0142eczno\u015bci, tradycyjne i nowoczesne.<\/p>\n\n\n\n<p>3. Socjologowie widz\u0105 potrzeb\u0119 wzmo\u017cenia aktywno\u015bci w \u017cyciu spo\u0142ecznym, ale widz\u0105 te\u017c pu\u0142apki zaanga\u017cowania. Na szcz\u0119\u015bcie s\u0105 \u015bwiadomi tego, \u017ce rola socjologii w sferze funkcji spo\u0142ecznej w wielkim stopniu zale\u017cy od nich samych.<\/p>\n\n\n\n<p>Antoni Su\u0142ek<\/p>\n\n\n\n<p><\/p>\n\n\n\n<figure class=\"wp-block-embed is-type-wp-embed is-provider-xviii-ogolnopolski-zjazd-socjologiczny wp-block-embed-xviii-ogolnopolski-zjazd-socjologiczny\"><div class=\"wp-block-embed__wrapper\">\n<blockquote class=\"wp-embedded-content\" data-secret=\"AZGFGRJfi1\"><a href=\"https:\/\/zjazdpts.pl\/ankiety\/\">Ankiety<\/a><\/blockquote><iframe class=\"wp-embedded-content\" sandbox=\"allow-scripts\" security=\"restricted\" style=\"position: absolute; clip: rect(1px, 1px, 1px, 1px);\" title=\"&#8222;Ankiety&#8221; &#8212; XVIII Og\u00f3lnopolski Zjazd Socjologiczny\" src=\"https:\/\/zjazdpts.pl\/ankiety\/embed\/#?secret=JAoSMfRdvn#?secret=AZGFGRJfi1\" data-secret=\"AZGFGRJfi1\" width=\"500\" height=\"282\" frameborder=\"0\" marginwidth=\"0\" marginheight=\"0\" scrolling=\"no\"><\/iframe>\n<\/div><\/figure>\n","protected":false},"excerpt":{"rendered":"<p>Tu\u017c przed XVIII Zjazdem Socjologicznym jego Rada Programowa zwr\u00f3ci\u0142a si\u0119 imiennie do oko\u0142o stu socjolog\u00f3w obojga p\u0142ci, r\u00f3\u017cnych pokole\u0144, r\u00f3\u017cnych specjalno\u015bci i z r\u00f3\u017cnych miast z pro\u015bb\u0105 o wypowiedzi w kilku kwestiach podstawowych dla naszej dyscypliny. 1. W ostatnich dekadach spo\u0142ecze\u0144stwo polskie do\u015bwiadcza wielkich zmian. Czy Pani\/Pana zdaniem socjologia polska je opisa\u0142a, uog\u00f3lni\u0142a i teoretycznie [&hellip;]<\/p>\n","protected":false},"author":11,"featured_media":0,"comment_status":"open","ping_status":"open","sticky":false,"template":"","format":"standard","meta":[],"categories":[],"tags":[],"_links":{"self":[{"href":"https:\/\/pts.org.pl\/en\/wp-json\/wp\/v2\/posts\/6614"}],"collection":[{"href":"https:\/\/pts.org.pl\/en\/wp-json\/wp\/v2\/posts"}],"about":[{"href":"https:\/\/pts.org.pl\/en\/wp-json\/wp\/v2\/types\/post"}],"author":[{"embeddable":true,"href":"https:\/\/pts.org.pl\/en\/wp-json\/wp\/v2\/users\/11"}],"replies":[{"embeddable":true,"href":"https:\/\/pts.org.pl\/en\/wp-json\/wp\/v2\/comments?post=6614"}],"version-history":[{"count":1,"href":"https:\/\/pts.org.pl\/en\/wp-json\/wp\/v2\/posts\/6614\/revisions"}],"predecessor-version":[{"id":6615,"href":"https:\/\/pts.org.pl\/en\/wp-json\/wp\/v2\/posts\/6614\/revisions\/6615"}],"wp:attachment":[{"href":"https:\/\/pts.org.pl\/en\/wp-json\/wp\/v2\/media?parent=6614"}],"wp:term":[{"taxonomy":"category","embeddable":true,"href":"https:\/\/pts.org.pl\/en\/wp-json\/wp\/v2\/categories?post=6614"},{"taxonomy":"post_tag","embeddable":true,"href":"https:\/\/pts.org.pl\/en\/wp-json\/wp\/v2\/tags?post=6614"}],"curies":[{"name":"wp","href":"https:\/\/api.w.org\/{rel}","templated":true}]}}