{"id":6511,"date":"2023-04-18T22:43:00","date_gmt":"2023-04-18T22:43:00","guid":{"rendered":"https:\/\/pts.org.pl\/?p=6511"},"modified":"2023-05-30T22:47:42","modified_gmt":"2023-05-30T22:47:42","slug":"konferencja-refleksyjne-miasto","status":"publish","type":"post","link":"https:\/\/pts.org.pl\/en\/konferencja-refleksyjne-miasto\/","title":{"rendered":"Konferencja &#8220;Refleksyjne miasto&#8221;"},"content":{"rendered":"<div class=\"fcbkbttn_buttons_block\" id=\"fcbkbttn_left\"><div class=\"fcbkbttn_button\">\n                            <a href=\"https:\/\/www.facebook.com\/\" target=\"_blank\">\n                                <img src=\"https:\/\/pts.org.pl\/wp-content\/plugins\/facebook-button-plugin\/images\/standard-facebook-ico.png\" alt=\"Fb-Button\" \/>\n                            <\/a>\n                        <\/div><div class=\"fcbkbttn_like \"><fb:like href=\"https:\/\/pts.org.pl\/en\/konferencja-refleksyjne-miasto\/\" action=\"like\" colorscheme=\"light\" layout=\"button_count\"  size=\"small\"><\/fb:like><\/div><\/div>\n<p>Szanowni Pa\u0144stwo, Kole\u017canki i Koledzy,<\/p>\n\n\n\n<p>Sekcja Socjologii Miasta PTS zaprasza do czynnego udzia\u0142u w \u015br\u00f3drocznej konferencji naszej sekcji:&nbsp;<strong>&#8220;Refleksyjne miasto&#8221;.&nbsp;<\/strong>Wydarzenie odbywa si\u0119 22-23 czerwca w Gda\u0144sku, w murach Politechniki Gda\u0144skiej, poprzedzaj\u0105c VIII edycj\u0119 Kongresu Ruch\u00f3w Miejskich.<\/p>\n\n\n\n<p><strong>Zaproszenie do udzia\u0142u w konferencji:\u00a0<\/strong><br><br>Koincydencja obydwu wydarze\u0144 nie jest zbiegiem przypadku. To wynik wsp\u00f3\u0142pracy badaczy i aktywist\u00f3w miejskich, ale r\u00f3wnie\u017c pr\u00f3ba przyjrzenia si\u0119 refleksyjnemu miastu, parafrazuj\u0105c maj\u0105c\u0105 ju\u017c prawie dwie dekady koncepcj\u0119\u00a0<em>reflexive urbanism<\/em>. Przez refleksyjne miasto rozumiemy powi\u0105zanie pomi\u0119dzy badaniami i wiedz\u0105 teoretyczn\u0105 Akademii a przejawami samoorganizacji mieszka\u0144c\u00f3w. Tradycja takich powi\u0105za\u0144 ma ju\u017c w Polsce swoj\u0105 histori\u0119, kt\u00f3rej pocz\u0105tki to 2011 rok i I KRM (tam powsta\u0142o &#8220;9 Tez Miejskich&#8221;), kt\u00f3ry odby\u0142 si\u0119 w Poznaniu w murach UAM. Uczestniczy\u0142o w nim, poza stosunkowo szerok\u0105 reprezentacj\u0105 organizacji spo\u0142ecznych z r\u00f3\u017cnych miast Polski, grono socjolog\u00f3w i antropolog\u00f3w kulturowych z afiliacjami akademickimi, wsp\u00f3\u0142tworz\u0105cych \u015brodowisko ruch\u00f3w miejskich.<br><br>Konferencja, do udzia\u0142u w kt\u00f3rej zapraszamy, b\u0119dzie przestrzeni\u0105 spotkania nauki i praktyki miejskiego aktywizmu na gruncie wsp\u00f3lnoty miejsca i czasu.<br>Przedmiotem naszego szczeg\u00f3lnego zainteresowania b\u0119d\u0105 zagadnienia \u0142\u0105cz\u0105ce refleksyjnie najnowsz\u0105 przesz\u0142o\u015b\u0107 miast oraz wsp\u00f3\u0142czesne wyzwania cywilizacyjne w formie zwi\u0105zk\u00f3w przyczynowo skutkowych.<br><br>Zaproszenie do udzia\u0142u kierujemy zar\u00f3wno do badaczy i badaczek miasta dysponuj\u0105cych aktualnymi wynikami bada\u0144, ale r\u00f3wnie\u017c zach\u0119camy do zg\u0142aszania wyst\u0105pie\u0144 o bardziej przekrojowym charakterze, skoncentrowanym na analizach stanu wiedzy na temat miast zgromadzonych na przestrzeni lat. Nie stawiamy r\u00f3wnie\u017c ogranicze\u0144 przestrzennych, zapraszamy tak\u017ce badaczy i badaczki zajmuj\u0105cych si\u0119 fenomenami miejskimi spoza polskiego kontekstu, ze szczeg\u00f3lnym uwzgl\u0119dnieniem uwarunkowa\u0144 Europy \u015arodkowej i Wschodniej.<br><br><strong>Proponowane tematy wyst\u0105pie\u0144:<\/strong><\/p>\n\n\n\n<p>\u00b7&nbsp;&nbsp;partycypacja publiczna, w tym: zagadnienia rewitalizacji<\/p>\n\n\n\n<p>\u00b7&nbsp;&nbsp;ewolucja miast (gentryfikacja, studentyfikacja, turystyfikacja, \u201epatodeweloperka&#8221;)<\/p>\n\n\n\n<p>\u00b7&nbsp;&nbsp;polityki publiczne samorz\u0105du miejskiego z uwzgl\u0119dnieniem zagadnie\u0144 uchod\u017astwa wojennego oraz migracji zarobkowej<\/p>\n\n\n\n<p>\u00b7&nbsp;&nbsp;informacja\/dyskurs w mie\u015bcie<\/p>\n\n\n\n<p>\u00b7&nbsp;&nbsp;to\u017csamo\u015b\u0107 kulturowo-spo\u0142eczna mieszka\u0144c\u00f3w miast<\/p>\n\n\n\n<p>\u00b7&nbsp;&nbsp;s\u0105siedztwo wielkomiejskie w perspektywie mobilno\u015bci mieszka\u0144c\u00f3w<\/p>\n\n\n\n<p>\u00b7&nbsp;&nbsp;ewolucja \u015brodowiskowa miasta (zwierz\u0119ta w mie\u015bcie, zielona infrastruktura)<\/p>\n\n\n\n<p>\u00b7&nbsp;&nbsp;ruchy miejskie po I Kongresie Ruch\u00f3w Miejskich<\/p>\n\n\n\n<p>\u00b7&nbsp;&nbsp;pandemia i jej miejskie konsekwencje<\/p>\n\n\n\n<p>\u00b7&nbsp;&nbsp;wojna w Ukrainie, konsekwencje spo\u0142eczne dla miast<\/p>\n\n\n\n<p>\u00b7&nbsp;&nbsp;historyczna socjologia miasta<\/p>\n\n\n\n<p>Osoby zainteresowane udzia\u0142em prosimy o przygotowanie abstrakt\u00f3w wyst\u0105pie\u0144.<\/p>\n\n\n\n<p><strong><u>Osoby za interesowane udzia\u0142em prosimy o zg\u0142aszanie referat\u00f3w drog\u0105 elektroniczn\u0105 do&nbsp;7 maja.<br><\/u>Link do formularza rejestracyjnego:&nbsp;<\/strong><a href=\"https:\/\/forms.gle\/uvZtjp9Xxue8ZEq96\" target=\"_blank\" rel=\"noreferrer noopener\">https:\/\/forms.gle\/uvZtjp9Xxue8ZEq96<\/a><br><br>Koszt udzia\u0142u w konferencji wynosi 200 z\u0142 dla cz\u0142onk\u00f3w i cz\u0142onki\u0144 sekcji SM PTS oraz 300 z\u0142 dla pozosta\u0142ych os\u00f3b. Wskazana suma obejmuje serwis kawowy i lunch 1. i 2. dnia konferencji.<\/p>\n\n\n\n<p>Do zobaczenia w Gda\u0144sku!<br><br>Pozdrawiamy,<br>Zarz\u0105d SSM PTS<\/p>\n\n\n\n<div class=\"wp-block-file\"><object class=\"wp-block-file__embed\" data=\"https:\/\/pts.org.pl\/wp-content\/uploads\/2023\/05\/Refleksyjne-miasto.pdf\" type=\"application\/pdf\" style=\"width:100%;height:600px\" aria-label=\"Osadzone z Refleksyjne-miasto.\"><\/object><a href=\"https:\/\/pts.org.pl\/wp-content\/uploads\/2023\/05\/Refleksyjne-miasto.pdf\">Refleksyjne-miasto<\/a><a href=\"https:\/\/pts.org.pl\/wp-content\/uploads\/2023\/05\/Refleksyjne-miasto.pdf\" class=\"wp-block-file__button\" download>Pobierz<\/a><\/div>\n","protected":false},"excerpt":{"rendered":"<p>Szanowni Pa\u0144stwo, Kole\u017canki i Koledzy, Sekcja Socjologii Miasta PTS zaprasza do czynnego udzia\u0142u w \u015br\u00f3drocznej konferencji naszej sekcji:&nbsp;&#8220;Refleksyjne miasto&#8221;.&nbsp;Wydarzenie odbywa si\u0119 22-23 czerwca w Gda\u0144sku, w murach Politechniki Gda\u0144skiej, poprzedzaj\u0105c VIII edycj\u0119 Kongresu Ruch\u00f3w Miejskich. Zaproszenie do udzia\u0142u w konferencji:\u00a0 Koincydencja obydwu wydarze\u0144 nie jest zbiegiem przypadku. To wynik wsp\u00f3\u0142pracy badaczy i aktywist\u00f3w miejskich, ale [&hellip;]<\/p>\n","protected":false},"author":11,"featured_media":0,"comment_status":"open","ping_status":"open","sticky":false,"template":"","format":"standard","meta":[],"categories":[],"tags":[],"_links":{"self":[{"href":"https:\/\/pts.org.pl\/en\/wp-json\/wp\/v2\/posts\/6511"}],"collection":[{"href":"https:\/\/pts.org.pl\/en\/wp-json\/wp\/v2\/posts"}],"about":[{"href":"https:\/\/pts.org.pl\/en\/wp-json\/wp\/v2\/types\/post"}],"author":[{"embeddable":true,"href":"https:\/\/pts.org.pl\/en\/wp-json\/wp\/v2\/users\/11"}],"replies":[{"embeddable":true,"href":"https:\/\/pts.org.pl\/en\/wp-json\/wp\/v2\/comments?post=6511"}],"version-history":[{"count":2,"href":"https:\/\/pts.org.pl\/en\/wp-json\/wp\/v2\/posts\/6511\/revisions"}],"predecessor-version":[{"id":6515,"href":"https:\/\/pts.org.pl\/en\/wp-json\/wp\/v2\/posts\/6511\/revisions\/6515"}],"wp:attachment":[{"href":"https:\/\/pts.org.pl\/en\/wp-json\/wp\/v2\/media?parent=6511"}],"wp:term":[{"taxonomy":"category","embeddable":true,"href":"https:\/\/pts.org.pl\/en\/wp-json\/wp\/v2\/categories?post=6511"},{"taxonomy":"post_tag","embeddable":true,"href":"https:\/\/pts.org.pl\/en\/wp-json\/wp\/v2\/tags?post=6511"}],"curies":[{"name":"wp","href":"https:\/\/api.w.org\/{rel}","templated":true}]}}