{"id":6503,"date":"2023-05-23T22:33:00","date_gmt":"2023-05-23T22:33:00","guid":{"rendered":"https:\/\/pts.org.pl\/?p=6503"},"modified":"2023-05-30T22:35:40","modified_gmt":"2023-05-30T22:35:40","slug":"nowy-termin-nadsylania-zgloszen-na-sympozjum-sas-pts-31-maja","status":"publish","type":"post","link":"https:\/\/pts.org.pl\/en\/nowy-termin-nadsylania-zgloszen-na-sympozjum-sas-pts-31-maja\/","title":{"rendered":"Nowy termin nadsy\u0142ania zg\u0142osze\u0144 na Sympozjum SAS PTS &#8211; 31 maja"},"content":{"rendered":"<div class=\"fcbkbttn_buttons_block\" id=\"fcbkbttn_left\"><div class=\"fcbkbttn_button\">\n                            <a href=\"https:\/\/www.facebook.com\/\" target=\"_blank\">\n                                <img src=\"https:\/\/pts.org.pl\/wp-content\/plugins\/facebook-button-plugin\/images\/standard-facebook-ico.png\" alt=\"Fb-Button\" \/>\n                            <\/a>\n                        <\/div><div class=\"fcbkbttn_like \"><fb:like href=\"https:\/\/pts.org.pl\/en\/nowy-termin-nadsylania-zgloszen-na-sympozjum-sas-pts-31-maja\/\" action=\"like\" colorscheme=\"light\" layout=\"button_count\"  size=\"small\"><\/fb:like><\/div><\/div>\n<p>Szanowni Pa\u0144stwo,<\/p>\n\n\n\n<p>Drodzy Kole\u017canki i Koledzy,<\/p>\n\n\n\n<p>Termin nadsy\u0142ania zg\u0142osze\u0144 na tegoroczne sympozjum SAS PTS przed\u0142u\u017cono&nbsp;<strong>do 31 maja.<\/strong><\/p>\n\n\n\n<p>Przypominamy, Sympozjum o (nie)go\u015bcinno\u015bci odb\u0119dzie si\u0119 w Zakrzewie 27-29 wrze\u015bnia b.r.<\/p>\n\n\n\n<p>W za\u0142\u0105czeniu karta zg\u0142oszenia i CfP (prosimy nie zwraca\u0107 uwagi na nieaktualny termin nadsy\u0142ania zg\u0142osze\u0144).<\/p>\n\n\n\n<p>Z powa\u017caniem,<\/p>\n\n\n\n<p>Zarz\u0105d SAS PTS<\/p>\n\n\n\n<div class=\"wp-block-file\"><object class=\"wp-block-file__embed\" data=\"https:\/\/pts.org.pl\/wp-content\/uploads\/2023\/05\/CfP-Sympozjum-SAS-PTS-2023.pdf\" type=\"application\/pdf\" style=\"width:100%;height:600px\" aria-label=\"Osadzone z CfP-Sympozjum-SAS-PTS-2023.\"><\/object><a href=\"https:\/\/pts.org.pl\/wp-content\/uploads\/2023\/05\/CfP-Sympozjum-SAS-PTS-2023.pdf\">CfP-Sympozjum-SAS-PTS-2023<\/a><a href=\"https:\/\/pts.org.pl\/wp-content\/uploads\/2023\/05\/CfP-Sympozjum-SAS-PTS-2023.pdf\" class=\"wp-block-file__button\" download>Pobierz<\/a><\/div>\n\n\n\n<div class=\"wp-block-file\"><a href=\"https:\/\/pts.org.pl\/wp-content\/uploads\/2023\/05\/Karta-zgloszenia_SAS-PTS-2023.docx\">Karta-zgloszenia_SAS-PTS-2023<\/a><a href=\"https:\/\/pts.org.pl\/wp-content\/uploads\/2023\/05\/Karta-zgloszenia_SAS-PTS-2023.docx\" class=\"wp-block-file__button\" download>Pobierz<\/a><\/div>\n","protected":false},"excerpt":{"rendered":"<p>Szanowni Pa\u0144stwo, Drodzy Kole\u017canki i Koledzy, Termin nadsy\u0142ania zg\u0142osze\u0144 na tegoroczne sympozjum SAS PTS przed\u0142u\u017cono&nbsp;do 31 maja. Przypominamy, Sympozjum o (nie)go\u015bcinno\u015bci odb\u0119dzie si\u0119 w Zakrzewie 27-29 wrze\u015bnia b.r. W za\u0142\u0105czeniu karta zg\u0142oszenia i CfP (prosimy nie zwraca\u0107 uwagi na nieaktualny termin nadsy\u0142ania zg\u0142osze\u0144). Z powa\u017caniem, Zarz\u0105d SAS PTS<\/p>\n","protected":false},"author":11,"featured_media":0,"comment_status":"open","ping_status":"open","sticky":false,"template":"","format":"standard","meta":[],"categories":[],"tags":[],"_links":{"self":[{"href":"https:\/\/pts.org.pl\/en\/wp-json\/wp\/v2\/posts\/6503"}],"collection":[{"href":"https:\/\/pts.org.pl\/en\/wp-json\/wp\/v2\/posts"}],"about":[{"href":"https:\/\/pts.org.pl\/en\/wp-json\/wp\/v2\/types\/post"}],"author":[{"embeddable":true,"href":"https:\/\/pts.org.pl\/en\/wp-json\/wp\/v2\/users\/11"}],"replies":[{"embeddable":true,"href":"https:\/\/pts.org.pl\/en\/wp-json\/wp\/v2\/comments?post=6503"}],"version-history":[{"count":1,"href":"https:\/\/pts.org.pl\/en\/wp-json\/wp\/v2\/posts\/6503\/revisions"}],"predecessor-version":[{"id":6506,"href":"https:\/\/pts.org.pl\/en\/wp-json\/wp\/v2\/posts\/6503\/revisions\/6506"}],"wp:attachment":[{"href":"https:\/\/pts.org.pl\/en\/wp-json\/wp\/v2\/media?parent=6503"}],"wp:term":[{"taxonomy":"category","embeddable":true,"href":"https:\/\/pts.org.pl\/en\/wp-json\/wp\/v2\/categories?post=6503"},{"taxonomy":"post_tag","embeddable":true,"href":"https:\/\/pts.org.pl\/en\/wp-json\/wp\/v2\/tags?post=6503"}],"curies":[{"name":"wp","href":"https:\/\/api.w.org\/{rel}","templated":true}]}}