{"id":6500,"date":"2023-05-30T22:07:22","date_gmt":"2023-05-30T22:07:22","guid":{"rendered":"https:\/\/pts.org.pl\/?p=6500"},"modified":"2023-05-30T22:09:16","modified_gmt":"2023-05-30T22:09:16","slug":"refleksyjne-miasto-gdansk-22-23-czerwca-2023","status":"publish","type":"post","link":"https:\/\/pts.org.pl\/en\/refleksyjne-miasto-gdansk-22-23-czerwca-2023\/","title":{"rendered":"Refleksyjne MIASTO (Gda\u0144sk 22-23 czerwca 2023)"},"content":{"rendered":"<div class=\"fcbkbttn_buttons_block\" id=\"fcbkbttn_left\"><div class=\"fcbkbttn_button\">\n                            <a href=\"https:\/\/www.facebook.com\/\" target=\"_blank\">\n                                <img src=\"https:\/\/pts.org.pl\/wp-content\/plugins\/facebook-button-plugin\/images\/standard-facebook-ico.png\" alt=\"Fb-Button\" \/>\n                            <\/a>\n                        <\/div><div class=\"fcbkbttn_like \"><fb:like href=\"https:\/\/pts.org.pl\/en\/refleksyjne-miasto-gdansk-22-23-czerwca-2023\/\" action=\"like\" colorscheme=\"light\" layout=\"button_count\"  size=\"small\"><\/fb:like><\/div><\/div>\n<p>Konferencja Sekcji Socjologii Miasta PTS organizowana przy wsp\u00f3\u0142udziale: Kongresu Ruch\u00f3w Miejskich i Oddzia\u0142\u00f3w Pozna\u0144skiego oraz Gda\u0144skiego PTS.<\/p>\n\n\n\n<p>Konferencja zaplanowana zosta\u0142a jako impreza poprzedzaj\u0105ca Kongres Ruch\u00f3w Miejskich, kt\u00f3ry odb\u0119dzie si\u0119 w Gda\u0144sku, na terenie Politechniki, w weekend 23-25 czerwca. Koincydencja obydwu wydarze\u0144 nie jest jedynie przypadkiem wsp\u00f3\u0142pracy badaczy i aktywist\u00f3w miejskich \u2013 kt\u00f3ra ma w tym przypadku miejsce \u2013 ale r\u00f3wnie\u017c pr\u00f3b\u0105 przyjrzenia si\u0119 refleksyjnemu miastu, parafrazuj\u0105c maj\u0105ca ju\u017c prawie dwie dekady koncepcj\u0119 reflexive urbanism. Przez refleksyjne miasto rozumiemy miasto, gdzie istnieje powi\u0105zanie pomi\u0119dzy badaniami i wiedz\u0105 teoretyczn\u0105 akademii a przejawami samoorganizacji mieszka\u0144c\u00f3w. Tradycja takich powi\u0105za\u0144 ma ju\u017c w Polsce swoj\u0105 histori\u0119, kt\u00f3r\u0105 mo\u017cna datowa\u0107 na 2010 rok i pierwszy Kongres Ruch\u00f3w Miejskich (tam powsta\u0142y Tezy Miejskie), kt\u00f3ry odby\u0142a si\u0119 w Poznaniu w murach Uniwersytetu im. Adama Mickiewicza. Uczestniczy\u0142o w nim poza stosunkowo szerok\u0105 reprezentacj\u0105 organizacji pozarz\u0105dowych z r\u00f3\u017cnych miast Polski grono socjolog\u00f3w i antropolog\u00f3w z afiliacjami akademickimi wsp\u00f3\u0142tworz\u0105cych p\u00f3\u017aniej \u015brodowisko ruch\u00f3w miejskich. Konferencja, do udzia\u0142u w kt\u00f3rej zapraszamy, b\u0119dzie stwarza\u0142a po raz kolejny infrastruktur\u0119 dla powi\u0105za\u0144 pomi\u0119dzy praktyk\u0105 badawcz\u0105, a praktyk\u0105 aktywistyczn\u0105 na gruncie wsp\u00f3lnoty miejsca i czasu.<\/p>\n\n\n\n<p>Osoby uczestnicz\u0105ce w wydarzeniu prosimy o dokonywanie op\u0142aty konferencyjnej na konto Polskiego Towarzystwa Socjologicznego: 90 1020 1013 0000 0002 0466 8150 (PKO BP), do 9 czerwca 2023 r.<\/p>\n\n\n\n<p>Uwaga: Prosimy w opisie wp\u0142aty poda\u0107 (1) imi\u0119 i nazwisko, (2) zwrot &#8220;Refleksyjne miasto&#8221; oraz (3) nazw\u0119 p\u0142atnika z nrem NIP, oraz (4) ew. informacje dotycz\u0105ce wystawienia faktury.<\/p>\n\n\n\n<p>Przypominamy r\u00f3wnie\u017c, \u017ce wysoko\u015b\u0107 op\u0142aty konferencyjnej wynosi 200 z\u0142 dla cz\u0142onki\u0144 i cz\u0142onk\u00f3w sekcji SM PTS, oraz 300 z\u0142 dla pozosta\u0142ych os\u00f3b.&nbsp;<\/p>\n\n\n\n<p><strong>W razie jakichkolwiek problem\u00f3w i pyta\u0144 prosimy o kontakt pod adresem mailowych Sekcji: sekcja.miasto.pts@gmail.com<\/strong><\/p>\n","protected":false},"excerpt":{"rendered":"<p>Konferencja Sekcji Socjologii Miasta PTS organizowana przy wsp\u00f3\u0142udziale: Kongresu Ruch\u00f3w Miejskich i Oddzia\u0142\u00f3w Pozna\u0144skiego oraz Gda\u0144skiego PTS. Konferencja zaplanowana zosta\u0142a jako impreza poprzedzaj\u0105ca Kongres Ruch\u00f3w Miejskich, kt\u00f3ry odb\u0119dzie si\u0119 w Gda\u0144sku, na terenie Politechniki, w weekend 23-25 czerwca. Koincydencja obydwu wydarze\u0144 nie jest jedynie przypadkiem wsp\u00f3\u0142pracy badaczy i aktywist\u00f3w miejskich \u2013 kt\u00f3ra ma w tym [&hellip;]<\/p>\n","protected":false},"author":11,"featured_media":0,"comment_status":"open","ping_status":"open","sticky":false,"template":"","format":"standard","meta":[],"categories":[],"tags":[],"_links":{"self":[{"href":"https:\/\/pts.org.pl\/en\/wp-json\/wp\/v2\/posts\/6500"}],"collection":[{"href":"https:\/\/pts.org.pl\/en\/wp-json\/wp\/v2\/posts"}],"about":[{"href":"https:\/\/pts.org.pl\/en\/wp-json\/wp\/v2\/types\/post"}],"author":[{"embeddable":true,"href":"https:\/\/pts.org.pl\/en\/wp-json\/wp\/v2\/users\/11"}],"replies":[{"embeddable":true,"href":"https:\/\/pts.org.pl\/en\/wp-json\/wp\/v2\/comments?post=6500"}],"version-history":[{"count":2,"href":"https:\/\/pts.org.pl\/en\/wp-json\/wp\/v2\/posts\/6500\/revisions"}],"predecessor-version":[{"id":6502,"href":"https:\/\/pts.org.pl\/en\/wp-json\/wp\/v2\/posts\/6500\/revisions\/6502"}],"wp:attachment":[{"href":"https:\/\/pts.org.pl\/en\/wp-json\/wp\/v2\/media?parent=6500"}],"wp:term":[{"taxonomy":"category","embeddable":true,"href":"https:\/\/pts.org.pl\/en\/wp-json\/wp\/v2\/categories?post=6500"},{"taxonomy":"post_tag","embeddable":true,"href":"https:\/\/pts.org.pl\/en\/wp-json\/wp\/v2\/tags?post=6500"}],"curies":[{"name":"wp","href":"https:\/\/api.w.org\/{rel}","templated":true}]}}