{"id":6493,"date":"2023-05-23T04:32:52","date_gmt":"2023-05-23T04:32:52","guid":{"rendered":"https:\/\/pts.org.pl\/?p=6493"},"modified":"2023-05-23T04:32:54","modified_gmt":"2023-05-23T04:32:54","slug":"nagroda-historyczna-polityki-za-edycje-dziennikow-stanislawa-ossowskiego","status":"publish","type":"post","link":"https:\/\/pts.org.pl\/en\/nagroda-historyczna-polityki-za-edycje-dziennikow-stanislawa-ossowskiego\/","title":{"rendered":"Nagroda historyczna Polityki za edycj\u0119 Dziennik\u00f3w Stanis\u0142awa Ossowskiego"},"content":{"rendered":"<div class=\"fcbkbttn_buttons_block\" id=\"fcbkbttn_left\"><div class=\"fcbkbttn_button\">\n                            <a href=\"https:\/\/www.facebook.com\/\" target=\"_blank\">\n                                <img src=\"https:\/\/pts.org.pl\/wp-content\/plugins\/facebook-button-plugin\/images\/standard-facebook-ico.png\" alt=\"Fb-Button\" \/>\n                            <\/a>\n                        <\/div><div class=\"fcbkbttn_like \"><fb:like href=\"https:\/\/pts.org.pl\/en\/nagroda-historyczna-polityki-za-edycje-dziennikow-stanislawa-ossowskiego\/\" action=\"like\" colorscheme=\"light\" layout=\"button_count\"  size=\"small\"><\/fb:like><\/div><\/div>\n<p>Nagrod\u0119 Historyczn\u0105 POLITYKI 2023 za rok 2022 w dziedzinie \u201ePami\u0119tniki \u2013 relacje \u2013 wspomnienia\u201d otrzyma\u0142a R\u00f3\u017ca Su\u0142ek za opracowanie 3-tomowych Dziennik\u00f3w 1905-1963 Stanis\u0142awa Ossowskiego.<\/p>\n\n\n\n<p><\/p>\n\n\n\n<p>Laudacja Jury:<\/p>\n\n\n\n<p>Jeden z pierwszych zapis\u00f3w Stanis\u0142awa Ossowskiego, o\u015bmioletniego: \u201eTatu\u015b wyjecha\u0142 w sam obiad\u201d. Ostatni powsta\u0142, gdy mia\u0142 66 lat, p\u00f3\u0142tora miesi\u0105ca przed \u015bmierci\u0105. Przez blisko sze\u015b\u0107dziesi\u0105t lat prowadzi\u0142 dziennik, zacz\u0105\u0142, gdy panowa\u0142 car Miko\u0142aj II, sko\u0144czy\u0142, gdy sekretarzowa\u0142 W\u0142adys\u0142aw Gomu\u0142ka. W tym czasie wszystko uleg\u0142o zmianie, on sam jakby w mniejszym stopniu. Ju\u017c jako student napisa\u0142: \u201eNauka przesta\u0142a by\u0107 igraszk\u0105 do zaspokojenia ciekawo\u015bci\u201d. Chcia\u0142 po\u015bwi\u0119ci\u0107 si\u0119 czystej nauce. Do ko\u0144ca \u017cycia zachowa\u0142 wobec niej integraln\u0105 postaw\u0119. Do dzi\u015b pozostaje w polskiej socjologii, wi\u0119cej w polskiej humanistyce, wzorem niedo\u015bcig\u0142ym, klerkiem heroicznym. Nic dziwnego, \u017ce w Polsce Ludowej przeszkadza\u0142. W okresie stalinowskim socjologia zosta\u0142a uznana za wrog\u0105 i bur\u017cuazyjn\u0105, Ossowskiego odsuni\u0119to od nauczania. Socjologiem jednak nie przesta\u0142 by\u0107, prowadzi\u0142 nieformalne seminarium, przygl\u0105da\u0142 si\u0119 totalizacji. Charakteryzowa\u0142a go pasja patrzenia i socjologicznego rozumienia. Potrafi\u0142 si\u0119 zatrzyma\u0107 i zadziwi\u0107: a to koniem, kt\u00f3ry rozwozi\u0142 mleko w Cambridge, a to barwn\u0105 grawitacj\u0105 w malarstwie Williama Turnera. S\u0142ucha\u0142. Mo\u017cna powiedzie\u0107, \u017ce polska socjologia narodzi\u0142a si\u0119 z ducha muzyki, poniewa\u017c Ossowski regularnie chodzi\u0142 na koncerty muzyki klasycznej. Opracowanie jego dziennik\u00f3w przez R\u00f3\u017c\u0119 Su\u0142ek to klasa sama w sobie. (Marcin Zaremba)<\/p>\n\n\n\n<p>Stanis\u0142aw Ossowski by\u0142 za\u0142o\u017cycielem i pierwszym przewodnicz\u0105cym Polskiego Towarzystwa Socjologicznego. D\u0142uga historia r\u0119kopis\u00f3w Dziennik\u00f3w, ich wydawania i niewydawania zawarta jest w tomie I.<\/p>\n\n\n\n<p>Laureatka jest kierowniczk\u0105 Biblioteki Instytutu Stosowanych Nauk Spo\u0142ecznych UW, kustoszk\u0105 tam zdeponowanego ksi\u0119gozbioru Marii i Stanis\u0142awa Ossowskich i autork\u0105 prac z historii socjologii polskiej. Jest cz\u0142onkini\u0105 PTS. Za\u0142o\u017cy\u0142a i wiele lat wydawa\u0142a BIB &#8211; \u201eBibliograficzn\u0105 Informacj\u0119 Bie\u017c\u0105c\u0105\u201d, dodatek do papierowej \u201eInformacji Bie\u017c\u0105cej PTS\u201d. Jej szkic O \u2018Dziennikach\u2019 Stanis\u0142awa Ossowskiego uka\u017ce si\u0119 wkr\u00f3tce w nrze 2\/2023 kwartalnika PAN \u201eNauka\u201d (http:\/\/www.nauka-pan.pl).<\/p>\n\n\n\n<p>Edycja zosta\u0142a przygotowana i wydana w ramach grantu \u201eW kr\u0119gu Stanis\u0142awa Ossowskiego. Warszawska szko\u0142a socjologii\u201d (kier. Prof. Miros\u0142awa Grabowska), zrealizowanego w Zak\u0142adzie Metodologii Bada\u0144 Socjologicznych Instytutu Socjologii (obecnie Katedrze Metodologii i Teorii Socjologicznej Wydzia\u0142u Socjologii) UW, finansowanego przez Narodowy Program Rozwoju Humanistyki. Dzienniki wyda\u0142o w l. 2019-2022 Wydawnictwo Naukowe \u201eScholar\u201d.<\/p>\n","protected":false},"excerpt":{"rendered":"<p>Nagrod\u0119 Historyczn\u0105 POLITYKI 2023 za rok 2022 w dziedzinie \u201ePami\u0119tniki \u2013 relacje \u2013 wspomnienia\u201d otrzyma\u0142a R\u00f3\u017ca Su\u0142ek za opracowanie 3-tomowych Dziennik\u00f3w 1905-1963 Stanis\u0142awa Ossowskiego. Laudacja Jury: Jeden z pierwszych zapis\u00f3w Stanis\u0142awa Ossowskiego, o\u015bmioletniego: \u201eTatu\u015b wyjecha\u0142 w sam obiad\u201d. Ostatni powsta\u0142, gdy mia\u0142 66 lat, p\u00f3\u0142tora miesi\u0105ca przed \u015bmierci\u0105. Przez blisko sze\u015b\u0107dziesi\u0105t lat prowadzi\u0142 dziennik, zacz\u0105\u0142, [&hellip;]<\/p>\n","protected":false},"author":11,"featured_media":0,"comment_status":"open","ping_status":"open","sticky":false,"template":"","format":"standard","meta":[],"categories":[],"tags":[],"_links":{"self":[{"href":"https:\/\/pts.org.pl\/en\/wp-json\/wp\/v2\/posts\/6493"}],"collection":[{"href":"https:\/\/pts.org.pl\/en\/wp-json\/wp\/v2\/posts"}],"about":[{"href":"https:\/\/pts.org.pl\/en\/wp-json\/wp\/v2\/types\/post"}],"author":[{"embeddable":true,"href":"https:\/\/pts.org.pl\/en\/wp-json\/wp\/v2\/users\/11"}],"replies":[{"embeddable":true,"href":"https:\/\/pts.org.pl\/en\/wp-json\/wp\/v2\/comments?post=6493"}],"version-history":[{"count":1,"href":"https:\/\/pts.org.pl\/en\/wp-json\/wp\/v2\/posts\/6493\/revisions"}],"predecessor-version":[{"id":6494,"href":"https:\/\/pts.org.pl\/en\/wp-json\/wp\/v2\/posts\/6493\/revisions\/6494"}],"wp:attachment":[{"href":"https:\/\/pts.org.pl\/en\/wp-json\/wp\/v2\/media?parent=6493"}],"wp:term":[{"taxonomy":"category","embeddable":true,"href":"https:\/\/pts.org.pl\/en\/wp-json\/wp\/v2\/categories?post=6493"},{"taxonomy":"post_tag","embeddable":true,"href":"https:\/\/pts.org.pl\/en\/wp-json\/wp\/v2\/tags?post=6493"}],"curies":[{"name":"wp","href":"https:\/\/api.w.org\/{rel}","templated":true}]}}