{"id":649,"date":"2016-01-03T08:37:09","date_gmt":"2016-01-03T08:37:09","guid":{"rendered":"http:\/\/www.pts.org.pl\/?p=649"},"modified":"2016-04-06T08:37:24","modified_gmt":"2016-04-06T08:37:24","slug":"konferencja-pt-miedzy-bezpieczenstwem-a-wolnoscia-profilaktyka-spoleczna-jako-zadanie-polityk-publicznych","status":"publish","type":"post","link":"https:\/\/pts.org.pl\/en\/konferencja-pt-miedzy-bezpieczenstwem-a-wolnoscia-profilaktyka-spoleczna-jako-zadanie-polityk-publicznych\/","title":{"rendered":"(Polski) Konferencja pt.: Mi\u0119dzy bezpiecze\u0144stwem a wolno\u015bci\u0105. Profilaktyka spo\u0142eczna jako zadanie polityk publicznych"},"content":{"rendered":"<p class=\"qtranxs-available-languages-message qtranxs-available-languages-message-en\">Sorry, this entry is only available in <a href=\"https:\/\/pts.org.pl\/pl\/wp-json\/wp\/v2\/posts\/649\" class=\"qtranxs-available-language-link qtranxs-available-language-link-pl\" title=\"Polski\">Polish<\/a>.<\/p>","protected":false},"excerpt":{"rendered":"<p>Sorry, this entry is only available in Polish.<\/p>\n","protected":false},"author":7,"featured_media":0,"comment_status":"open","ping_status":"open","sticky":false,"template":"","format":"standard","meta":[],"categories":[],"tags":[],"_links":{"self":[{"href":"https:\/\/pts.org.pl\/en\/wp-json\/wp\/v2\/posts\/649"}],"collection":[{"href":"https:\/\/pts.org.pl\/en\/wp-json\/wp\/v2\/posts"}],"about":[{"href":"https:\/\/pts.org.pl\/en\/wp-json\/wp\/v2\/types\/post"}],"author":[{"embeddable":true,"href":"https:\/\/pts.org.pl\/en\/wp-json\/wp\/v2\/users\/7"}],"replies":[{"embeddable":true,"href":"https:\/\/pts.org.pl\/en\/wp-json\/wp\/v2\/comments?post=649"}],"version-history":[{"count":1,"href":"https:\/\/pts.org.pl\/en\/wp-json\/wp\/v2\/posts\/649\/revisions"}],"predecessor-version":[{"id":651,"href":"https:\/\/pts.org.pl\/en\/wp-json\/wp\/v2\/posts\/649\/revisions\/651"}],"wp:attachment":[{"href":"https:\/\/pts.org.pl\/en\/wp-json\/wp\/v2\/media?parent=649"}],"wp:term":[{"taxonomy":"category","embeddable":true,"href":"https:\/\/pts.org.pl\/en\/wp-json\/wp\/v2\/categories?post=649"},{"taxonomy":"post_tag","embeddable":true,"href":"https:\/\/pts.org.pl\/en\/wp-json\/wp\/v2\/tags?post=649"}],"curies":[{"name":"wp","href":"https:\/\/api.w.org\/{rel}","templated":true}]}}