{"id":6476,"date":"2023-04-18T10:00:00","date_gmt":"2023-04-18T10:00:00","guid":{"rendered":"https:\/\/pts.org.pl\/?p=6476"},"modified":"2023-05-02T10:05:20","modified_gmt":"2023-05-02T10:05:20","slug":"dyskusja-the-interdisciplinarity-of-reproductive-rights-and-reproductive-justice-research","status":"publish","type":"post","link":"https:\/\/pts.org.pl\/en\/dyskusja-the-interdisciplinarity-of-reproductive-rights-and-reproductive-justice-research\/","title":{"rendered":"Dyskusja: The interdisciplinarity of reproductive rights and reproductive justice research"},"content":{"rendered":"<div class=\"fcbkbttn_buttons_block\" id=\"fcbkbttn_left\"><div class=\"fcbkbttn_button\">\n                            <a href=\"https:\/\/www.facebook.com\/\" target=\"_blank\">\n                                <img src=\"https:\/\/pts.org.pl\/wp-content\/plugins\/facebook-button-plugin\/images\/standard-facebook-ico.png\" alt=\"Fb-Button\" \/>\n                            <\/a>\n                        <\/div><div class=\"fcbkbttn_like \"><fb:like href=\"https:\/\/pts.org.pl\/en\/dyskusja-the-interdisciplinarity-of-reproductive-rights-and-reproductive-justice-research\/\" action=\"like\" colorscheme=\"light\" layout=\"button_count\"  size=\"small\"><\/fb:like><\/div><\/div>\n<p>Oddzia\u0142 \u0141\u00f3dzki PTS oraz Katedra Socjologii Struktur i Zmian Spo\u0142ecznych U\u0141 zapraszaj\u0105 na dyskusj\u0119<br><strong>\u201eThe interdisciplinarity of reproductive rights and reproductive justice research\u201d<\/strong><\/p>\n\n\n\n<p>Dyskusja odb\u0119dzie si\u0119 w czwartek&nbsp;<strong>27 kwietnia o godzinie 17:00<\/strong>.<\/p>\n\n\n\n<p>Spotkanie ma charakter hybrydowy: zapraszamy do&nbsp;<strong>sali T401, na Wydziale Ekonomiczno-Socjologicznym U\u0141<\/strong>, ul. Rewolucji 1905 r. nr 41 oraz&nbsp;<strong>na platform\u0119 MS Teams (dane spotkania poni\u017cej)<\/strong>.<\/p>\n\n\n\n<p><strong>Osoby uczestnicz\u0105ce w dyskusji:<\/strong><\/p>\n\n\n\n<p><strong>Prof. Christabelle Sethna<\/strong>&nbsp;\u2013Institute of Feminist and Gender Studies, University of Ottawa, Canada.<br><strong>Prof. Atina Krajewska<\/strong>&nbsp;\u2013 Birmingham Law School, University of Birmingham, UK<br><strong>Dr Sydney Calkin<\/strong>&nbsp;\u2013 School of Geography, Queen Mary University of London, UK<br><strong>Dr Agata Che\u0142stowska<\/strong>&nbsp;\u2013 Department of Social Anthropology, Institute of Sociology, Jagiellonian University, Cracow, Poland<\/p>\n\n\n\n<p><strong>Moderatorka:\u00a0<\/strong>Dr Krystyna Dzwonkowska-Godula \u2013 Department of Sociology of Social Structure and Social Change, Institute of Sociology, University of Lodz, Poland<br><br><strong>Dane dost\u0119powe do spotkania w\u00a0aplikacji Microsoft Teams<\/strong><br>Link rejestracyjny, umo\u017cliwiaj\u0105cy udzia\u0142 w spotkaniu:\u00a0<a rel=\"noreferrer noopener\" href=\"https:\/\/teams.microsoft.com\/registration\/7xpEYw7al0O7fvnUcF6WOw,DugDBuKLQ0mn_YeCFjBFrA,ncIjPz2_b0mtr790ZvCFqQ,cynJjOktj0KAJZzNQIl_Dw,PQRst2PtoEK4aKrrXowYlw,zqJit8nzhECZiw436iGDpQ?mode=read&amp;tenantId=63441aef-da0e-4397-bb7e-f9d4705e963b\" target=\"_blank\">https:\/\/teams.microsoft.com\/registration\/7xpEYw7al0O7fvnUcF6WOw,DugDBuKLQ0mn_YeCFjBFrA,ncIjPz2_b0mtr790ZvCFqQ,cynJjOktj0KAJZzNQIl_Dw,PQRst2PtoEK4aKrrXowYlw,zqJit8nzhECZiw436iGDpQ?mode=read&amp;tenantId=63441aef-da0e-4397-bb7e-f9d4705e963b<\/a><br><\/p>\n\n\n\n<p>Link do wydarzenia na Facebooku:\u00a0<a rel=\"noreferrer noopener\" href=\"https:\/\/www.facebook.com\/events\/1901406946900428\" target=\"_blank\">https:\/\/www.facebook.com\/events\/1901406946900428<\/a><br><\/p>\n\n\n\n<p>Pozdrawiam serdecznie<br>Sylwia M\u0119cfal<br>Przewodnicz\u0105ca O\u0141 PTS<\/p>\n\n\n\n<div class=\"wp-block-file\"><object class=\"wp-block-file__embed\" data=\"https:\/\/pts.org.pl\/wp-content\/uploads\/2023\/05\/Dyskusja-Prawa-reprodukcyjne-1.pdf\" type=\"application\/pdf\" style=\"width:100%;height:600px\" aria-label=\"Osadzone z Dyskusja-Prawa-reprodukcyjne-1.\"><\/object><a href=\"https:\/\/pts.org.pl\/wp-content\/uploads\/2023\/05\/Dyskusja-Prawa-reprodukcyjne-1.pdf\">Dyskusja-Prawa-reprodukcyjne-1<\/a><a href=\"https:\/\/pts.org.pl\/wp-content\/uploads\/2023\/05\/Dyskusja-Prawa-reprodukcyjne-1.pdf\" class=\"wp-block-file__button\" download>Pobierz<\/a><\/div>\n\n\n\n<p>&#8212;&#8212;&#8212;&#8212;&#8212;&#8212;&#8212;&#8212;&#8212;&#8212;&#8212;&#8212;-<br>ENG:<br>The Lodz Department of the Polish Sociological Association<br>and the Department of Sociology of Social Structure and Social Change, University of Lodz<br>invite to the discussion on<br><strong>\u201c<\/strong><strong>The interdisciplinarity of reproductive rights and reproductive justice research.\u201d<\/strong><\/p>\n\n\n\n<p>The discussion will take place on Thursday, April 27, 5 pm (CET).<\/p>\n\n\n\n<p><strong>Online: MS Teams platform (meeting details below).<\/strong><\/p>\n\n\n\n<p><strong>In-person: Faculty of Economics and Sociology, University of Lodz, Rewolucji 1905 St. 39, Room T401<\/strong><\/p>\n\n\n\n<p><strong>Discussion participants:<\/strong><br><strong>Prof. Christabelle Sethna<\/strong>&nbsp;\u2013 Institute of Feminist and Gender Studies, University of Ottawa, Canada<br><strong>Prof. Atina Krajewska<\/strong>&nbsp;\u2013 Birmingham Law School, University of Birmingham, UK<br><strong>Dr. Sydney Calkin<\/strong>&nbsp;\u2013 School of Geography, Queen Mary University of London, UK<br><strong>Dr. Agata Che\u0142stowska<\/strong>&nbsp;\u2013 Department of Social Anthropology, Institute of Sociology, Jagiellonian University, Cracow, Poland<\/p>\n\n\n\n<p><strong>Moderator<\/strong>: Dr. Krystyna Dzwonkowska-Godula \u2013 Department of Sociology of Social Structure and Social Change, Institute of Sociology, University of Lodz, Poland<\/p>\n\n\n\n<p><strong>MS Teams meeting details<\/strong><br>Click here to register for this meeting and receive a link:&nbsp;<a href=\"https:\/\/teams.microsoft.com\/registration\/7xpEYw7al0O7fvnUcF6WOw,DugDBuKLQ0mn_YeCFjBFrA,ncIjPz2_b0mtr790ZvCFqQ,cynJjOktj0KAJZzNQIl_Dw,PQRst2PtoEK4aKrrXowYlw,zqJit8nzhECZiw436iGDpQ?mode=read&amp;tenantId=63441aef-da0e-4397-bb7e-f9d4705e963b\" target=\"_blank\" rel=\"noreferrer noopener\">https:\/\/teams.microsoft.com\/registration\/7xpEYw7al0O7fvnUcF6WOw,DugDBuKLQ0mn_YeCFjBFrA,ncIjPz2_b0mtr790ZvCFqQ,cynJjOktj0KAJZzNQIl_Dw,PQRst2PtoEK4aKrrXowYlw,zqJit8nzhECZiw436iGDpQ?mode=read&amp;tenantId=63441aef-da0e-4397-bb7e-f9d4705e963b<\/a><\/p>\n\n\n\n<p>Facebook event:\u00a0<a rel=\"noreferrer noopener\" href=\"https:\/\/www.facebook.com\/events\/1901406946900428\" target=\"_blank\">https:\/\/www.facebook.com\/events\/1901406946900428<\/a><br><\/p>\n\n\n\n<p>Kind regards,<br>Sylwia M\u0119cfal<br>President of the Lodz Department of PSA<\/p>\n\n\n\n<div class=\"wp-block-file\"><object class=\"wp-block-file__embed\" data=\"https:\/\/pts.org.pl\/wp-content\/uploads\/2023\/05\/ENG-Discussion-The-interdisciplinarity-of-reproductive-rightsDyskusja-Prawa-reprodukcyjne.pdf\" type=\"application\/pdf\" style=\"width:100%;height:600px\" aria-label=\"Osadzone z ENG-Discussion-The-interdisciplinarity-of-reproductive-rightsDyskusja-Prawa-reprodukcyjne.\"><\/object><a href=\"https:\/\/pts.org.pl\/wp-content\/uploads\/2023\/05\/ENG-Discussion-The-interdisciplinarity-of-reproductive-rightsDyskusja-Prawa-reprodukcyjne.pdf\">ENG-Discussion-The-interdisciplinarity-of-reproductive-rightsDyskusja-Prawa-reprodukcyjne<\/a><a href=\"https:\/\/pts.org.pl\/wp-content\/uploads\/2023\/05\/ENG-Discussion-The-interdisciplinarity-of-reproductive-rightsDyskusja-Prawa-reprodukcyjne.pdf\" class=\"wp-block-file__button\" download>Pobierz<\/a><\/div>\n","protected":false},"excerpt":{"rendered":"<p>Oddzia\u0142 \u0141\u00f3dzki PTS oraz Katedra Socjologii Struktur i Zmian Spo\u0142ecznych U\u0141 zapraszaj\u0105 na dyskusj\u0119\u201eThe interdisciplinarity of reproductive rights and reproductive justice research\u201d Dyskusja odb\u0119dzie si\u0119 w czwartek&nbsp;27 kwietnia o godzinie 17:00. Spotkanie ma charakter hybrydowy: zapraszamy do&nbsp;sali T401, na Wydziale Ekonomiczno-Socjologicznym U\u0141, ul. Rewolucji 1905 r. nr 41 oraz&nbsp;na platform\u0119 MS Teams (dane spotkania poni\u017cej). [&hellip;]<\/p>\n","protected":false},"author":11,"featured_media":0,"comment_status":"open","ping_status":"open","sticky":false,"template":"","format":"standard","meta":[],"categories":[],"tags":[],"_links":{"self":[{"href":"https:\/\/pts.org.pl\/en\/wp-json\/wp\/v2\/posts\/6476"}],"collection":[{"href":"https:\/\/pts.org.pl\/en\/wp-json\/wp\/v2\/posts"}],"about":[{"href":"https:\/\/pts.org.pl\/en\/wp-json\/wp\/v2\/types\/post"}],"author":[{"embeddable":true,"href":"https:\/\/pts.org.pl\/en\/wp-json\/wp\/v2\/users\/11"}],"replies":[{"embeddable":true,"href":"https:\/\/pts.org.pl\/en\/wp-json\/wp\/v2\/comments?post=6476"}],"version-history":[{"count":1,"href":"https:\/\/pts.org.pl\/en\/wp-json\/wp\/v2\/posts\/6476\/revisions"}],"predecessor-version":[{"id":6479,"href":"https:\/\/pts.org.pl\/en\/wp-json\/wp\/v2\/posts\/6476\/revisions\/6479"}],"wp:attachment":[{"href":"https:\/\/pts.org.pl\/en\/wp-json\/wp\/v2\/media?parent=6476"}],"wp:term":[{"taxonomy":"category","embeddable":true,"href":"https:\/\/pts.org.pl\/en\/wp-json\/wp\/v2\/categories?post=6476"},{"taxonomy":"post_tag","embeddable":true,"href":"https:\/\/pts.org.pl\/en\/wp-json\/wp\/v2\/tags?post=6476"}],"curies":[{"name":"wp","href":"https:\/\/api.w.org\/{rel}","templated":true}]}}