{"id":6466,"date":"2023-04-25T09:40:00","date_gmt":"2023-04-25T09:40:00","guid":{"rendered":"https:\/\/pts.org.pl\/?p=6466"},"modified":"2023-05-02T09:42:11","modified_gmt":"2023-05-02T09:42:11","slug":"seminarium-sekcji-socjologii-nauki","status":"publish","type":"post","link":"https:\/\/pts.org.pl\/en\/seminarium-sekcji-socjologii-nauki\/","title":{"rendered":"Seminarium Sekcji Socjologii Nauki"},"content":{"rendered":"<div class=\"fcbkbttn_buttons_block\" id=\"fcbkbttn_left\"><div class=\"fcbkbttn_button\">\n                            <a href=\"https:\/\/www.facebook.com\/\" target=\"_blank\">\n                                <img src=\"https:\/\/pts.org.pl\/wp-content\/plugins\/facebook-button-plugin\/images\/standard-facebook-ico.png\" alt=\"Fb-Button\" \/>\n                            <\/a>\n                        <\/div><div class=\"fcbkbttn_like \"><fb:like href=\"https:\/\/pts.org.pl\/en\/seminarium-sekcji-socjologii-nauki\/\" action=\"like\" colorscheme=\"light\" layout=\"button_count\"  size=\"small\"><\/fb:like><\/div><\/div>\n<p>Serdecznie zapraszamy na Seminarium Sekcji Socjologii Nauki PTS po\u015bwi\u0119cone nauce i karierom akademickim. Spotkanie odb\u0119dzie si\u0119 10 maja (\u015broda) o godzinie 18.00 na platformie Zoom.<\/p>\n\n\n\n<p>Podczas seminarium Prof. dr hab. Marek Kwiek wyst\u0105pi z tematem<strong>&nbsp;&#8220;Nowe napi\u0119cia w badaniach profesji akademickiej: mi\u0119dzy badaniami ankietowymi a Big Data&#8221;<\/strong>.&nbsp;B\u0119dzie to nawi\u0105zanie do niedawno opublikowanej ksi\u0105\u017cki autorstwa Profesora pt. &#8220;Globalna nauka. Globalni naukowcy&#8221; (PWN, Warszawa 2022) oraz&nbsp;do wykorzystania Big Data w badaniu karier akademickich (polskich i globalnych).<\/p>\n\n\n\n<p>Roli moderatorki spotkania i komentatorki podejmie si\u0119 Pani Dr hab. Agnieszka Dziedziczak-Foltyn.&nbsp;Zapraszamy do wys\u0142uchania wyst\u0105pienia oraz dyskusji nad tym aktualnym tematem.<\/p>\n\n\n\n<p>Za\u0142\u0105czamy link do spotkania:<\/p>\n\n\n\n<p>Join Zoom Meeting<\/p>\n\n\n\n<p><a href=\"https:\/\/us06web.zoom.us\/j\/84500734354?pwd=d3BSU08yMklWd1Y1TFRXWmhaTWYyZz09\">https:\/\/us06web.zoom.us\/j\/84500734354?pwd=d3BSU08yMklWd1Y1TFRXWmhaTWYyZz09<\/a><\/p>\n\n\n\n<p>Meeting ID: 845 0073 4354<\/p>\n\n\n\n<p>Passcode: 191825<\/p>\n\n\n\n<p><\/p>\n\n\n\n<p>Z pozdrowieniami<\/p>\n\n\n\n<p>Agnieszka Kolasa-Nowak<\/p>\n\n\n\n<p>Przewodnicz\u0105ca Sekcji Socjologii Nauki<\/p>\n","protected":false},"excerpt":{"rendered":"<p>Serdecznie zapraszamy na Seminarium Sekcji Socjologii Nauki PTS po\u015bwi\u0119cone nauce i karierom akademickim. Spotkanie odb\u0119dzie si\u0119 10 maja (\u015broda) o godzinie 18.00 na platformie Zoom. Podczas seminarium Prof. dr hab. Marek Kwiek wyst\u0105pi z tematem&nbsp;&#8220;Nowe napi\u0119cia w badaniach profesji akademickiej: mi\u0119dzy badaniami ankietowymi a Big Data&#8221;.&nbsp;B\u0119dzie to nawi\u0105zanie do niedawno opublikowanej ksi\u0105\u017cki autorstwa Profesora pt. [&hellip;]<\/p>\n","protected":false},"author":11,"featured_media":0,"comment_status":"open","ping_status":"open","sticky":false,"template":"","format":"standard","meta":[],"categories":[],"tags":[],"_links":{"self":[{"href":"https:\/\/pts.org.pl\/en\/wp-json\/wp\/v2\/posts\/6466"}],"collection":[{"href":"https:\/\/pts.org.pl\/en\/wp-json\/wp\/v2\/posts"}],"about":[{"href":"https:\/\/pts.org.pl\/en\/wp-json\/wp\/v2\/types\/post"}],"author":[{"embeddable":true,"href":"https:\/\/pts.org.pl\/en\/wp-json\/wp\/v2\/users\/11"}],"replies":[{"embeddable":true,"href":"https:\/\/pts.org.pl\/en\/wp-json\/wp\/v2\/comments?post=6466"}],"version-history":[{"count":1,"href":"https:\/\/pts.org.pl\/en\/wp-json\/wp\/v2\/posts\/6466\/revisions"}],"predecessor-version":[{"id":6467,"href":"https:\/\/pts.org.pl\/en\/wp-json\/wp\/v2\/posts\/6466\/revisions\/6467"}],"wp:attachment":[{"href":"https:\/\/pts.org.pl\/en\/wp-json\/wp\/v2\/media?parent=6466"}],"wp:term":[{"taxonomy":"category","embeddable":true,"href":"https:\/\/pts.org.pl\/en\/wp-json\/wp\/v2\/categories?post=6466"},{"taxonomy":"post_tag","embeddable":true,"href":"https:\/\/pts.org.pl\/en\/wp-json\/wp\/v2\/tags?post=6466"}],"curies":[{"name":"wp","href":"https:\/\/api.w.org\/{rel}","templated":true}]}}