{"id":6461,"date":"2023-05-02T09:36:59","date_gmt":"2023-05-02T09:36:59","guid":{"rendered":"https:\/\/pts.org.pl\/?p=6461"},"modified":"2023-05-02T09:37:01","modified_gmt":"2023-05-02T09:37:01","slug":"konferencja-sekcji-badan-komunikacji-spolecznej","status":"publish","type":"post","link":"https:\/\/pts.org.pl\/en\/konferencja-sekcji-badan-komunikacji-spolecznej\/","title":{"rendered":"Konferencja Sekcji Bada\u0144 Komunikacji Spo\u0142ecznej"},"content":{"rendered":"<div class=\"fcbkbttn_buttons_block\" id=\"fcbkbttn_left\"><div class=\"fcbkbttn_button\">\n                            <a href=\"https:\/\/www.facebook.com\/\" target=\"_blank\">\n                                <img src=\"https:\/\/pts.org.pl\/wp-content\/plugins\/facebook-button-plugin\/images\/standard-facebook-ico.png\" alt=\"Fb-Button\" \/>\n                            <\/a>\n                        <\/div><div class=\"fcbkbttn_like \"><fb:like href=\"https:\/\/pts.org.pl\/en\/konferencja-sekcji-badan-komunikacji-spolecznej\/\" action=\"like\" colorscheme=\"light\" layout=\"button_count\"  size=\"small\"><\/fb:like><\/div><\/div>\n<p>Sekcja Bada\u0144 Komunikacji Spo\u0142ecznej Polskiego Towarzystwa Socjologicznego oraz Katedra Socjologii Kultury Uniwersytetu \u0141\u00f3dzkiego zapraszaj\u0105 do udzia\u0142u w og\u00f3lnopolskiej konferencji naukowej:\u00a0<strong>NOWA W\u0141ADZA KOMUNIKACJI: AKTORZY, PRZESTRZENIE, TECHNIKI\u00a0<\/strong>w dniach\u00a021\u201322.09.23 w \u0141odzi.<\/p>\n\n\n\n<p>Szczeg\u00f3\u0142y w za\u0142\u0105czniku.<\/p>\n\n\n\n<div class=\"wp-block-file\"><object class=\"wp-block-file__embed\" data=\"https:\/\/pts.org.pl\/wp-content\/uploads\/2023\/05\/Konferencja-Nowa-wladza-komunikacji.pdf\" type=\"application\/pdf\" style=\"width:100%;height:600px\" aria-label=\"Osadzone z Konferencja-Nowa-wladza-komunikacji.\"><\/object><a href=\"https:\/\/pts.org.pl\/wp-content\/uploads\/2023\/05\/Konferencja-Nowa-wladza-komunikacji.pdf\">Konferencja-Nowa-wladza-komunikacji<\/a><a href=\"https:\/\/pts.org.pl\/wp-content\/uploads\/2023\/05\/Konferencja-Nowa-wladza-komunikacji.pdf\" class=\"wp-block-file__button\" download>Pobierz<\/a><\/div>\n","protected":false},"excerpt":{"rendered":"<p>Sekcja Bada\u0144 Komunikacji Spo\u0142ecznej Polskiego Towarzystwa Socjologicznego oraz Katedra Socjologii Kultury Uniwersytetu \u0141\u00f3dzkiego zapraszaj\u0105 do udzia\u0142u w og\u00f3lnopolskiej konferencji naukowej:\u00a0NOWA W\u0141ADZA KOMUNIKACJI: AKTORZY, PRZESTRZENIE, TECHNIKI\u00a0w dniach\u00a021\u201322.09.23 w \u0141odzi. Szczeg\u00f3\u0142y w za\u0142\u0105czniku.<\/p>\n","protected":false},"author":11,"featured_media":0,"comment_status":"open","ping_status":"open","sticky":false,"template":"","format":"standard","meta":[],"categories":[],"tags":[],"_links":{"self":[{"href":"https:\/\/pts.org.pl\/en\/wp-json\/wp\/v2\/posts\/6461"}],"collection":[{"href":"https:\/\/pts.org.pl\/en\/wp-json\/wp\/v2\/posts"}],"about":[{"href":"https:\/\/pts.org.pl\/en\/wp-json\/wp\/v2\/types\/post"}],"author":[{"embeddable":true,"href":"https:\/\/pts.org.pl\/en\/wp-json\/wp\/v2\/users\/11"}],"replies":[{"embeddable":true,"href":"https:\/\/pts.org.pl\/en\/wp-json\/wp\/v2\/comments?post=6461"}],"version-history":[{"count":1,"href":"https:\/\/pts.org.pl\/en\/wp-json\/wp\/v2\/posts\/6461\/revisions"}],"predecessor-version":[{"id":6463,"href":"https:\/\/pts.org.pl\/en\/wp-json\/wp\/v2\/posts\/6461\/revisions\/6463"}],"wp:attachment":[{"href":"https:\/\/pts.org.pl\/en\/wp-json\/wp\/v2\/media?parent=6461"}],"wp:term":[{"taxonomy":"category","embeddable":true,"href":"https:\/\/pts.org.pl\/en\/wp-json\/wp\/v2\/categories?post=6461"},{"taxonomy":"post_tag","embeddable":true,"href":"https:\/\/pts.org.pl\/en\/wp-json\/wp\/v2\/tags?post=6461"}],"curies":[{"name":"wp","href":"https:\/\/api.w.org\/{rel}","templated":true}]}}