{"id":6459,"date":"2023-04-28T09:29:00","date_gmt":"2023-04-28T09:29:00","guid":{"rendered":"https:\/\/pts.org.pl\/?p=6459"},"modified":"2023-05-02T09:34:53","modified_gmt":"2023-05-02T09:34:53","slug":"konferencja-religia-i-duchowosc-w-czasach-niepewnosci","status":"publish","type":"post","link":"https:\/\/pts.org.pl\/en\/konferencja-religia-i-duchowosc-w-czasach-niepewnosci\/","title":{"rendered":"Konferencja: Religia i duchowo\u015b\u0107 w czasach niepewno\u015bci"},"content":{"rendered":"<div class=\"fcbkbttn_buttons_block\" id=\"fcbkbttn_left\"><div class=\"fcbkbttn_button\">\n                            <a href=\"https:\/\/www.facebook.com\/\" target=\"_blank\">\n                                <img src=\"https:\/\/pts.org.pl\/wp-content\/plugins\/facebook-button-plugin\/images\/standard-facebook-ico.png\" alt=\"Fb-Button\" \/>\n                            <\/a>\n                        <\/div><div class=\"fcbkbttn_like \"><fb:like href=\"https:\/\/pts.org.pl\/en\/konferencja-religia-i-duchowosc-w-czasach-niepewnosci\/\" action=\"like\" colorscheme=\"light\" layout=\"button_count\"  size=\"small\"><\/fb:like><\/div><\/div>\n<p>Serdecznie zapraszamy na doroczn\u0105 konferencj\u0119 Sekcji Socjologii Religii PTS na temat \u201eReligia i duchowo\u015b\u0107 w czasach niepewno\u015bci\u201d. Konferencja odb\u0119dzie si\u0119 w dniach 13-14 wrze\u015bnia na Wydziale Humanistycznym Akademii G\u00f3rniczo-Hutniczej im. Stanis\u0142awa Staszica Krakowie.<\/p>\n\n\n\n<p>Celem naszego spotkania jest debata naukowa nad zjawiskami i procesami religijnymi, prezentacja prowadzonych bada\u0144, podejmowanie aktualnych lub nowych zagadnie\u0144 zwi\u0105zanych z szeroko poj\u0119tym \u017cyciem religijnym, popularyzacja oryginalnych rozwa\u017ca\u0144 teoretycznych i metodologicznych, jak r\u00f3wnie\u017c integracja \u015brodowiska badaczy religii i duchowo\u015bci.<\/p>\n\n\n\n<p>Wi\u0119cej informacji na stronie: <a rel=\"noreferrer noopener\" href=\"http:\/\/wh.agh.edu.pl\/konferencja-religia-i-duchowosc-w-czasach-niepewnosci\/\" target=\"_blank\">wh.agh.edu.pl\/konferencja-religia-i-duchowosc-w-czasach-niepewnosci\/<\/a><\/p>\n","protected":false},"excerpt":{"rendered":"<p>Serdecznie zapraszamy na doroczn\u0105 konferencj\u0119 Sekcji Socjologii Religii PTS na temat \u201eReligia i duchowo\u015b\u0107 w czasach niepewno\u015bci\u201d. Konferencja odb\u0119dzie si\u0119 w dniach 13-14 wrze\u015bnia na Wydziale Humanistycznym Akademii G\u00f3rniczo-Hutniczej im. Stanis\u0142awa Staszica Krakowie. Celem naszego spotkania jest debata naukowa nad zjawiskami i procesami religijnymi, prezentacja prowadzonych bada\u0144, podejmowanie aktualnych lub nowych zagadnie\u0144 zwi\u0105zanych z szeroko [&hellip;]<\/p>\n","protected":false},"author":11,"featured_media":0,"comment_status":"open","ping_status":"open","sticky":false,"template":"","format":"standard","meta":[],"categories":[],"tags":[],"_links":{"self":[{"href":"https:\/\/pts.org.pl\/en\/wp-json\/wp\/v2\/posts\/6459"}],"collection":[{"href":"https:\/\/pts.org.pl\/en\/wp-json\/wp\/v2\/posts"}],"about":[{"href":"https:\/\/pts.org.pl\/en\/wp-json\/wp\/v2\/types\/post"}],"author":[{"embeddable":true,"href":"https:\/\/pts.org.pl\/en\/wp-json\/wp\/v2\/users\/11"}],"replies":[{"embeddable":true,"href":"https:\/\/pts.org.pl\/en\/wp-json\/wp\/v2\/comments?post=6459"}],"version-history":[{"count":1,"href":"https:\/\/pts.org.pl\/en\/wp-json\/wp\/v2\/posts\/6459\/revisions"}],"predecessor-version":[{"id":6460,"href":"https:\/\/pts.org.pl\/en\/wp-json\/wp\/v2\/posts\/6459\/revisions\/6460"}],"wp:attachment":[{"href":"https:\/\/pts.org.pl\/en\/wp-json\/wp\/v2\/media?parent=6459"}],"wp:term":[{"taxonomy":"category","embeddable":true,"href":"https:\/\/pts.org.pl\/en\/wp-json\/wp\/v2\/categories?post=6459"},{"taxonomy":"post_tag","embeddable":true,"href":"https:\/\/pts.org.pl\/en\/wp-json\/wp\/v2\/tags?post=6459"}],"curies":[{"name":"wp","href":"https:\/\/api.w.org\/{rel}","templated":true}]}}