{"id":6457,"date":"2023-04-26T14:50:00","date_gmt":"2023-04-26T14:50:00","guid":{"rendered":"https:\/\/pts.org.pl\/?p=6457"},"modified":"2023-04-27T08:28:19","modified_gmt":"2023-04-27T08:28:19","slug":"stanowisko-zarzadu-glownego-pts-w-sprawie-wypowiedzi-wladz-godzacych-w-wolnosc-i-niezaleznosc-badan-naukowych","status":"publish","type":"post","link":"https:\/\/pts.org.pl\/en\/stanowisko-zarzadu-glownego-pts-w-sprawie-wypowiedzi-wladz-godzacych-w-wolnosc-i-niezaleznosc-badan-naukowych\/","title":{"rendered":"Stanowisko Zarz\u0105du G\u0142\u00f3wnego PTS w sprawie wypowiedzi w\u0142adz godz\u0105cych w wolno\u015b\u0107 i niezale\u017cno\u015b\u0107 bada\u0144 naukowych"},"content":{"rendered":"<div class=\"fcbkbttn_buttons_block\" id=\"fcbkbttn_left\"><div class=\"fcbkbttn_button\">\n                            <a href=\"https:\/\/www.facebook.com\/\" target=\"_blank\">\n                                <img src=\"https:\/\/pts.org.pl\/wp-content\/plugins\/facebook-button-plugin\/images\/standard-facebook-ico.png\" alt=\"Fb-Button\" \/>\n                            <\/a>\n                        <\/div><div class=\"fcbkbttn_like \"><fb:like href=\"https:\/\/pts.org.pl\/en\/stanowisko-zarzadu-glownego-pts-w-sprawie-wypowiedzi-wladz-godzacych-w-wolnosc-i-niezaleznosc-badan-naukowych\/\" action=\"like\" colorscheme=\"light\" layout=\"button_count\"  size=\"small\"><\/fb:like><\/div><\/div>\n<p>Polskie \u015brodowisko socjologiczne z g\u0142\u0119bokim zaniepokojeniem przyj\u0119\u0142o wypowiedzi Premiera Mateusza Morawieckiego i Ministra Edukacji i Nauki Przemys\u0142awa Czarnka, atakuj\u0105ce prof. Barbar\u0119 Engelking i sugeruj\u0105ce zamiar zmniejszenia finansowania dla Instytutu Filozofii i Socjologii PAN, w kt\u00f3rym prof. Engelking kieruje Centrum Bada\u0144 nad Zag\u0142ad\u0105 \u017byd\u00f3w. Wypowiedzi w\u0142adz godz\u0105 w dobre imi\u0119 uznanej badaczki i w zasad\u0119 wolno\u015bci i niezale\u017cno\u015bci bada\u0144 naukowych.&nbsp;&nbsp;<\/p>\n\n\n\n<p>Ocena fakt\u00f3w nie powinna by\u0107 domen\u0105 rozgrywek politycznych, lecz efektem rzetelnych i wiarygodnych bada\u0144 naukowych, kt\u00f3re prof. Barbara Engelking od wielu lat prowadzi. Wyra\u017camy solidarno\u015b\u0107 z prof. Engelking i uwa\u017camy za niestosowne ataki pod jej adresem i gro\u017aby finansowe formu\u0142owane pod adresem Instytutu Filozofii i Socjologii PAN, w kt\u00f3rym prof. Engelking pracuje.<\/p>\n","protected":false},"excerpt":{"rendered":"<p>Polskie \u015brodowisko socjologiczne z g\u0142\u0119bokim zaniepokojeniem przyj\u0119\u0142o wypowiedzi Premiera Mateusza Morawieckiego i Ministra Edukacji i Nauki Przemys\u0142awa Czarnka, atakuj\u0105ce prof. Barbar\u0119 Engelking i sugeruj\u0105ce zamiar zmniejszenia finansowania dla Instytutu Filozofii i Socjologii PAN, w kt\u00f3rym prof. Engelking kieruje Centrum Bada\u0144 nad Zag\u0142ad\u0105 \u017byd\u00f3w. Wypowiedzi w\u0142adz godz\u0105 w dobre imi\u0119 uznanej badaczki i w zasad\u0119 wolno\u015bci [&hellip;]<\/p>\n","protected":false},"author":11,"featured_media":0,"comment_status":"open","ping_status":"open","sticky":false,"template":"","format":"standard","meta":[],"categories":[],"tags":[],"_links":{"self":[{"href":"https:\/\/pts.org.pl\/en\/wp-json\/wp\/v2\/posts\/6457"}],"collection":[{"href":"https:\/\/pts.org.pl\/en\/wp-json\/wp\/v2\/posts"}],"about":[{"href":"https:\/\/pts.org.pl\/en\/wp-json\/wp\/v2\/types\/post"}],"author":[{"embeddable":true,"href":"https:\/\/pts.org.pl\/en\/wp-json\/wp\/v2\/users\/11"}],"replies":[{"embeddable":true,"href":"https:\/\/pts.org.pl\/en\/wp-json\/wp\/v2\/comments?post=6457"}],"version-history":[{"count":1,"href":"https:\/\/pts.org.pl\/en\/wp-json\/wp\/v2\/posts\/6457\/revisions"}],"predecessor-version":[{"id":6458,"href":"https:\/\/pts.org.pl\/en\/wp-json\/wp\/v2\/posts\/6457\/revisions\/6458"}],"wp:attachment":[{"href":"https:\/\/pts.org.pl\/en\/wp-json\/wp\/v2\/media?parent=6457"}],"wp:term":[{"taxonomy":"category","embeddable":true,"href":"https:\/\/pts.org.pl\/en\/wp-json\/wp\/v2\/categories?post=6457"},{"taxonomy":"post_tag","embeddable":true,"href":"https:\/\/pts.org.pl\/en\/wp-json\/wp\/v2\/tags?post=6457"}],"curies":[{"name":"wp","href":"https:\/\/api.w.org\/{rel}","templated":true}]}}