{"id":6410,"date":"2023-03-03T12:59:50","date_gmt":"2023-03-03T12:59:50","guid":{"rendered":"https:\/\/pts.org.pl\/?p=6410"},"modified":"2023-03-03T13:05:34","modified_gmt":"2023-03-03T13:05:34","slug":"i-ogolnopolski-kongres-studentow-pracy-socjalnej-pod-haslem-wizerunek-pracy-socjalnej-w-polsce","status":"publish","type":"post","link":"https:\/\/pts.org.pl\/en\/i-ogolnopolski-kongres-studentow-pracy-socjalnej-pod-haslem-wizerunek-pracy-socjalnej-w-polsce\/","title":{"rendered":"I Og\u00f3lnopolski Kongres Student\u00f3w Pracy Socjalnej pod has\u0142em \u201cWizerunek pracy socjalnej w Polsce\u201d"},"content":{"rendered":"<div class=\"fcbkbttn_buttons_block\" id=\"fcbkbttn_left\"><div class=\"fcbkbttn_button\">\n                            <a href=\"https:\/\/www.facebook.com\/\" target=\"_blank\">\n                                <img src=\"https:\/\/pts.org.pl\/wp-content\/plugins\/facebook-button-plugin\/images\/standard-facebook-ico.png\" alt=\"Fb-Button\" \/>\n                            <\/a>\n                        <\/div><div class=\"fcbkbttn_like \"><fb:like href=\"https:\/\/pts.org.pl\/en\/i-ogolnopolski-kongres-studentow-pracy-socjalnej-pod-haslem-wizerunek-pracy-socjalnej-w-polsce\/\" action=\"like\" colorscheme=\"light\" layout=\"button_count\"  size=\"small\"><\/fb:like><\/div><\/div>\n<p>Niezmiernie mi\u0142o nam og\u0142osi\u0107, \u017ce 7 marca br. o godzinie 9.30 w trybie online, z inicjatywy <a href=\"https:\/\/www.facebook.com\/KNSPS?__cft__[0]=AZWOjXG9ImqYZzLZkBBon71tFID2sCtWj_ZGYXym8dCQhGc2WewiOBur1OAp259cGDW2TNDehnxXZfEC_mx-PoPAJOX__O3oKE6s9c3Ar1NtZckqJsPDA-LkWkmsQmkPIIrsnud7aizfR9qcWjy7M5IO-1yD_qaywDnJqcSpNPdOL34JUrFFQFVeJTag9AlkuxU&amp;__tn__=-]K-R\">Ko\u0142o Naukowe Student\u00f3w Pracy Socjalnej UKSW<\/a>, odb\u0119dzie si\u0119 I Og\u00f3lnopolski Kongres Student\u00f3w Pracy Socjalnej pod has\u0142em \u201cWizerunek pracy socjalnej w Polsce\u201d. Wsp\u00f3\u0142organizatorami tego wydarzenia s\u0105 Studenckie Ko\u0142o Naukowe Pracy Socjalnej UAM i Akademickie Ko\u0142o Naukowe Student\u00f3w Pracy Socjalnej \u201cPO MOC\u201d UWr, a tak\u017ce Katedra Socjologii Zdrowia i Pracy Socjalnej UKSW, Zak\u0142ad Bada\u0144 Problem\u00f3w Spo\u0142ecznych i Pracy Socjalnej UAM i Zak\u0142ad Socjologii Stosowanej i Pracy Socjalnej UWr.<\/p>\n\n\n\n<p>Patronat nad Kongresem obj\u0119\u0142o: Polskie Stowarzyszenie Szk\u00f3\u0142 Pracy Socjalnej oraz Sekcja Pracy Socjalnej Polskiego Towarzystwa Socjologicznego.<\/p>\n\n\n\n<p>Program Kongresu dost\u0119pny jest tutaj:  <a href=\"https:\/\/socjologia.uksw.edu.pl\/wp-content\/uploads\/2023\/02\/Kongres-1-marca-2023.pdf\">https:\/\/socjologia.uksw.edu.pl\/wp-content\/uploads\/2023\/02\/Kongres-1-marca-2023.pdf<\/a> <\/p>\n\n\n\n<p>Link do spotkania (Cisco Webex):<\/p>\n\n\n\n<p><a href=\"https:\/\/uksw.webex.com\/uksw-en\/j.php?MTID=m8aac57c1cf6bfe191f5be94d1f194c68\">https:\/\/uksw.webex.com\/uksw-en\/j.php?MTID=m8aac57c1cf6bfe191f5be94d1f194c68<\/a><\/p>\n\n\n\n<p>Studenci tak pisz\u0105 o tym wydarzeniu: \u201eKongres b\u0119dzie okazj\u0105 do podzielenia si\u0119 do\u015bwiadczeniami i wizj\u0105 tego, jak studenci kierunk\u00f3w praca socjalna chc\u0105, aby postrzegany by\u0142 ich kierunek. Porozmawiamy o tym jak budowa\u0107 spo\u0142eczn\u0105 \u015bwiadomo\u015b\u0107 na temat pracy socjalnej, pracownik\u00f3w socjalnych oraz ca\u0142ego systemu pomocy spo\u0142ecznej. B\u0119dzie to okazja to dyskusji na temat rozwoju nas, student\u00f3w, pod wzgl\u0119dem naukowym, ale tak\u017ce osobistym. W Kongresie uczestniczy\u0107 b\u0119d\u0105 studenci pracy socjalnej oraz cz\u0142onkowie k\u00f3\u0142 naukowych tego kierunku z ca\u0142ej Polski, ale tak\u017ce pracownicy socjalni oraz wyk\u0142adowcy akademiccy. Wydarzenie to w naszym odczuciu b\u0119dzie polem do integracji naszego \u015brodowiska, okazj\u0105 do poszerzania horyzont\u00f3w i wymiany do\u015bwiadcze\u0144\u201d. Zapraszamy!<\/p>\n\n\n\n<p>Zapraszamy!<\/p>\n\n\n\n<div class=\"wp-block-file\"><a href=\"https:\/\/pts.org.pl\/wp-content\/uploads\/2023\/03\/Kongres-1-marca-2023.docx\">Kongres-1-marca-2023<\/a><a href=\"https:\/\/pts.org.pl\/wp-content\/uploads\/2023\/03\/Kongres-1-marca-2023.docx\" class=\"wp-block-file__button\" download>Pobierz<\/a><\/div>\n\n\n\n<figure class=\"wp-block-gallery columns-1 is-cropped\"><ul class=\"blocks-gallery-grid\"><li class=\"blocks-gallery-item\"><figure><img loading=\"lazy\" width=\"724\" height=\"1024\" src=\"https:\/\/pts.org.pl\/wp-content\/uploads\/2023\/03\/Plakat-Kongres-724x1024.jpg\" alt=\"\" data-id=\"6412\" data-full-url=\"https:\/\/pts.org.pl\/wp-content\/uploads\/2023\/03\/Plakat-Kongres-scaled.jpg\" data-link=\"https:\/\/pts.org.pl\/?attachment_id=6412\" class=\"wp-image-6412\" srcset=\"https:\/\/pts.org.pl\/wp-content\/uploads\/2023\/03\/Plakat-Kongres-724x1024.jpg 724w, https:\/\/pts.org.pl\/wp-content\/uploads\/2023\/03\/Plakat-Kongres-212x300.jpg 212w, https:\/\/pts.org.pl\/wp-content\/uploads\/2023\/03\/Plakat-Kongres-768x1086.jpg 768w, https:\/\/pts.org.pl\/wp-content\/uploads\/2023\/03\/Plakat-Kongres-1087x1536.jpg 1087w, https:\/\/pts.org.pl\/wp-content\/uploads\/2023\/03\/Plakat-Kongres-1449x2048.jpg 1449w, https:\/\/pts.org.pl\/wp-content\/uploads\/2023\/03\/Plakat-Kongres-scaled.jpg 1811w\" sizes=\"(max-width: 724px) 100vw, 724px\" \/><\/figure><\/li><\/ul><\/figure>\n","protected":false},"excerpt":{"rendered":"<p>Niezmiernie mi\u0142o nam og\u0142osi\u0107, \u017ce 7 marca br. o godzinie 9.30 w trybie online, z inicjatywy Ko\u0142o Naukowe Student\u00f3w Pracy Socjalnej UKSW, odb\u0119dzie si\u0119 I Og\u00f3lnopolski Kongres Student\u00f3w Pracy Socjalnej pod has\u0142em \u201cWizerunek pracy socjalnej w Polsce\u201d. Wsp\u00f3\u0142organizatorami tego wydarzenia s\u0105 Studenckie Ko\u0142o Naukowe Pracy Socjalnej UAM i Akademickie Ko\u0142o Naukowe Student\u00f3w Pracy Socjalnej \u201cPO [&hellip;]<\/p>\n","protected":false},"author":11,"featured_media":0,"comment_status":"open","ping_status":"open","sticky":false,"template":"","format":"standard","meta":[],"categories":[],"tags":[],"_links":{"self":[{"href":"https:\/\/pts.org.pl\/en\/wp-json\/wp\/v2\/posts\/6410"}],"collection":[{"href":"https:\/\/pts.org.pl\/en\/wp-json\/wp\/v2\/posts"}],"about":[{"href":"https:\/\/pts.org.pl\/en\/wp-json\/wp\/v2\/types\/post"}],"author":[{"embeddable":true,"href":"https:\/\/pts.org.pl\/en\/wp-json\/wp\/v2\/users\/11"}],"replies":[{"embeddable":true,"href":"https:\/\/pts.org.pl\/en\/wp-json\/wp\/v2\/comments?post=6410"}],"version-history":[{"count":2,"href":"https:\/\/pts.org.pl\/en\/wp-json\/wp\/v2\/posts\/6410\/revisions"}],"predecessor-version":[{"id":6415,"href":"https:\/\/pts.org.pl\/en\/wp-json\/wp\/v2\/posts\/6410\/revisions\/6415"}],"wp:attachment":[{"href":"https:\/\/pts.org.pl\/en\/wp-json\/wp\/v2\/media?parent=6410"}],"wp:term":[{"taxonomy":"category","embeddable":true,"href":"https:\/\/pts.org.pl\/en\/wp-json\/wp\/v2\/categories?post=6410"},{"taxonomy":"post_tag","embeddable":true,"href":"https:\/\/pts.org.pl\/en\/wp-json\/wp\/v2\/tags?post=6410"}],"curies":[{"name":"wp","href":"https:\/\/api.w.org\/{rel}","templated":true}]}}