{"id":6376,"date":"2023-02-20T10:32:30","date_gmt":"2023-02-20T10:32:30","guid":{"rendered":"https:\/\/pts.org.pl\/?p=6376"},"modified":"2023-02-20T10:32:32","modified_gmt":"2023-02-20T10:32:32","slug":"goffmanowski-zeszyt-przegladu-socjologicznego","status":"publish","type":"post","link":"https:\/\/pts.org.pl\/en\/goffmanowski-zeszyt-przegladu-socjologicznego\/","title":{"rendered":"Goffmanowski zeszyt Przegl\u0105du Socjologicznego"},"content":{"rendered":"<div class=\"fcbkbttn_buttons_block\" id=\"fcbkbttn_left\"><div class=\"fcbkbttn_button\">\n                            <a href=\"https:\/\/www.facebook.com\/\" target=\"_blank\">\n                                <img src=\"https:\/\/pts.org.pl\/wp-content\/plugins\/facebook-button-plugin\/images\/standard-facebook-ico.png\" alt=\"Fb-Button\" \/>\n                            <\/a>\n                        <\/div><div class=\"fcbkbttn_like \"><fb:like href=\"https:\/\/pts.org.pl\/en\/goffmanowski-zeszyt-przegladu-socjologicznego\/\" action=\"like\" colorscheme=\"light\" layout=\"button_count\"  size=\"small\"><\/fb:like><\/div><\/div>\n<p>W 2022 roku przypad\u0142a setna rocznica urodzin i czterdziesta rocznica \u015bmierci Ervinga Goffmana.<br>Z tej okazji ukaza\u0142 si\u0119 Goffmanowski zeszyt Przegl\u0105du Socjologicznego (4\/2022):<\/p>\n\n\n\n<p><a href=\"https:\/\/journals.ltn.lodz.pl\/index.php\/Przeglad-Socjologiczny\/issue\/view\/373\">https:\/\/journals.ltn.lodz.pl\/index.php\/Przeglad-Socjologiczny\/issue\/view\/373<\/a><\/p>\n\n\n\n<p>Kolejne teksty s\u0105 do \u015bci\u0105gni\u0119cia w wolnym dost\u0119pie.<\/p>\n\n\n\n<p><br>Zapraszamy do lektury,<br>Marek Czy\u017cewski<br>Sylwia M\u0119cfal<br>Redaktorzy zeszytu<\/p>\n\n\n\n<figure class=\"wp-block-gallery columns-1 is-cropped\"><ul class=\"blocks-gallery-grid\"><li class=\"blocks-gallery-item\"><figure><img loading=\"lazy\" width=\"1024\" height=\"303\" src=\"https:\/\/pts.org.pl\/wp-content\/uploads\/2023\/02\/logo-PS_pl_PL-1024x303.jpg\" alt=\"\" data-id=\"6377\" data-full-url=\"https:\/\/pts.org.pl\/wp-content\/uploads\/2023\/02\/logo-PS_pl_PL.jpg\" data-link=\"https:\/\/pts.org.pl\/?attachment_id=6377\" class=\"wp-image-6377\" srcset=\"https:\/\/pts.org.pl\/wp-content\/uploads\/2023\/02\/logo-PS_pl_PL-1024x303.jpg 1024w, https:\/\/pts.org.pl\/wp-content\/uploads\/2023\/02\/logo-PS_pl_PL-300x89.jpg 300w, https:\/\/pts.org.pl\/wp-content\/uploads\/2023\/02\/logo-PS_pl_PL-768x227.jpg 768w, https:\/\/pts.org.pl\/wp-content\/uploads\/2023\/02\/logo-PS_pl_PL.jpg 1139w\" sizes=\"(max-width: 1024px) 100vw, 1024px\" \/><\/figure><\/li><\/ul><\/figure>\n","protected":false},"excerpt":{"rendered":"<p>W 2022 roku przypad\u0142a setna rocznica urodzin i czterdziesta rocznica \u015bmierci Ervinga Goffmana.Z tej okazji ukaza\u0142 si\u0119 Goffmanowski zeszyt Przegl\u0105du Socjologicznego (4\/2022): https:\/\/journals.ltn.lodz.pl\/index.php\/Przeglad-Socjologiczny\/issue\/view\/373 Kolejne teksty s\u0105 do \u015bci\u0105gni\u0119cia w wolnym dost\u0119pie. Zapraszamy do lektury,Marek Czy\u017cewskiSylwia M\u0119cfalRedaktorzy zeszytu<\/p>\n","protected":false},"author":11,"featured_media":0,"comment_status":"open","ping_status":"open","sticky":false,"template":"","format":"standard","meta":[],"categories":[],"tags":[],"_links":{"self":[{"href":"https:\/\/pts.org.pl\/en\/wp-json\/wp\/v2\/posts\/6376"}],"collection":[{"href":"https:\/\/pts.org.pl\/en\/wp-json\/wp\/v2\/posts"}],"about":[{"href":"https:\/\/pts.org.pl\/en\/wp-json\/wp\/v2\/types\/post"}],"author":[{"embeddable":true,"href":"https:\/\/pts.org.pl\/en\/wp-json\/wp\/v2\/users\/11"}],"replies":[{"embeddable":true,"href":"https:\/\/pts.org.pl\/en\/wp-json\/wp\/v2\/comments?post=6376"}],"version-history":[{"count":1,"href":"https:\/\/pts.org.pl\/en\/wp-json\/wp\/v2\/posts\/6376\/revisions"}],"predecessor-version":[{"id":6378,"href":"https:\/\/pts.org.pl\/en\/wp-json\/wp\/v2\/posts\/6376\/revisions\/6378"}],"wp:attachment":[{"href":"https:\/\/pts.org.pl\/en\/wp-json\/wp\/v2\/media?parent=6376"}],"wp:term":[{"taxonomy":"category","embeddable":true,"href":"https:\/\/pts.org.pl\/en\/wp-json\/wp\/v2\/categories?post=6376"},{"taxonomy":"post_tag","embeddable":true,"href":"https:\/\/pts.org.pl\/en\/wp-json\/wp\/v2\/tags?post=6376"}],"curies":[{"name":"wp","href":"https:\/\/api.w.org\/{rel}","templated":true}]}}