{"id":6358,"date":"2023-02-02T14:36:00","date_gmt":"2023-02-02T14:36:00","guid":{"rendered":"https:\/\/pts.org.pl\/?p=6358"},"modified":"2023-02-06T14:38:57","modified_gmt":"2023-02-06T14:38:57","slug":"dzienniki-ossowskiego","status":"publish","type":"post","link":"https:\/\/pts.org.pl\/en\/dzienniki-ossowskiego\/","title":{"rendered":"Dzienniki Ossowskiego"},"content":{"rendered":"<div class=\"fcbkbttn_buttons_block\" id=\"fcbkbttn_left\"><div class=\"fcbkbttn_button\">\n                            <a href=\"https:\/\/www.facebook.com\/\" target=\"_blank\">\n                                <img src=\"https:\/\/pts.org.pl\/wp-content\/plugins\/facebook-button-plugin\/images\/standard-facebook-ico.png\" alt=\"Fb-Button\" \/>\n                            <\/a>\n                        <\/div><div class=\"fcbkbttn_like \"><fb:like href=\"https:\/\/pts.org.pl\/en\/dzienniki-ossowskiego\/\" action=\"like\" colorscheme=\"light\" layout=\"button_count\"  size=\"small\"><\/fb:like><\/div><\/div>\n<p>Ukaza\u0142 si\u0119 III tom <em>Dziennik\u00f3w<\/em> Stanis\u0142awa Ossowskiego, obejmuje on okres 1949-1963. <em>Dzienniki,<\/em> prowadzone z przerwami od rewolucji 1905 r., pokrywaj\u0105 niemal ca\u0142e&nbsp; \u017cycie autora, wplecione w histori\u0119 Polski i socjologii. S\u0105 zbiorem zapisk\u00f3w z \u017cycia codziennego, wojen i podr\u00f3\u017cy, obserwacji i przemy\u015ble\u0144, \u0142\u0105czy je uwa\u017cno\u015b\u0107 i refleksyjno\u015b\u0107. Stanowi\u0105 materia\u0142 do biografii intelektualnej Ossowskiego i historii \u017cycia &nbsp;umys\u0142owego w Polsce.<\/p>\n\n\n\n<p>Stanis\u0142aw Ossowski (1897-1963), profesor Uniwersytetu Warszawskiego jest jednym z klasyk\u00f3w socjologii polskiej i czo\u0142owych postaci&nbsp; \u201ewarszawskiej szko\u0142y socjologii\u201d, by\u0142 te\u017c za\u0142o\u017cycielem i pierwszym przewodnicz\u0105cym Polskiego Towarzystwa Socjologicznego.<\/p>\n\n\n\n<p>Wydany tekst <em>Dziennik\u00f3w<\/em> zosta\u0142 przepisany z r\u0119kopis\u00f3w jeszcze staraniem&nbsp; Marii Ossowskiej. Do druku zosta\u0142 opracowany oraz opatrzony notami biograficznymi i przypisami przez R\u00f3\u017c\u0119 Su\u0142ek, badaczk\u0119 spu\u015bcizny Ossowskich, kustoszk\u0119 w bibliotece ISNS UW; w jej wst\u0119pie mo\u017cna przeczyta\u0107 tak\u017ce o wcze\u015bniejszych pr\u00f3bach wydania <em>Dziennik\u00f3w<\/em>, r\u00f3wnie\u017c przez PTS. &nbsp;<\/p>\n\n\n\n<p><em>Dzienniki <\/em>ukaza\u0142y si\u0119 w ramach projektu badawczego i wydawniczego Instytutu\/Wydzia\u0142u Socjologii UW \u201eW kr\u0119gu Stanis\u0142awa Ossowskiego. Warszawska szko\u0142a socjologii\u201d, kierowanego przez Miros\u0142aw\u0119 Grabowsk\u0105, a finansowanego przez Narodowy Program Rozwoju Humanistyki. Trzy tomy <em>Dziennik\u00f3w <\/em>opublikowa\u0142o Wydawnictwo Naukowe Scholar (<a href=\"https:\/\/scholar.com.pl\/pl\/ksiazki\/2-dzienniki-tom-iii-19491963.html\">https:\/\/scholar.com.pl\/pl\/ksiazki\/2-dzienniki-tom-iii-19491963.html<\/a>).<\/p>\n\n\n\n<figure class=\"wp-block-gallery columns-1 is-cropped\"><ul class=\"blocks-gallery-grid\"><li class=\"blocks-gallery-item\"><figure><img loading=\"lazy\" width=\"768\" height=\"1024\" src=\"https:\/\/pts.org.pl\/wp-content\/uploads\/2023\/02\/Dzienniki-Ossowskiego-768x1024.jpg\" alt=\"\" data-id=\"6359\" data-full-url=\"https:\/\/pts.org.pl\/wp-content\/uploads\/2023\/02\/Dzienniki-Ossowskiego.jpg\" data-link=\"https:\/\/pts.org.pl\/?attachment_id=6359\" class=\"wp-image-6359\" srcset=\"https:\/\/pts.org.pl\/wp-content\/uploads\/2023\/02\/Dzienniki-Ossowskiego-768x1024.jpg 768w, https:\/\/pts.org.pl\/wp-content\/uploads\/2023\/02\/Dzienniki-Ossowskiego-225x300.jpg 225w, https:\/\/pts.org.pl\/wp-content\/uploads\/2023\/02\/Dzienniki-Ossowskiego.jpg 779w\" sizes=\"(max-width: 768px) 100vw, 768px\" \/><\/figure><\/li><\/ul><\/figure>\n\n\n\n<p><\/p>\n","protected":false},"excerpt":{"rendered":"<p>Ukaza\u0142 si\u0119 III tom Dziennik\u00f3w Stanis\u0142awa Ossowskiego, obejmuje on okres 1949-1963. Dzienniki, prowadzone z przerwami od rewolucji 1905 r., pokrywaj\u0105 niemal ca\u0142e&nbsp; \u017cycie autora, wplecione w histori\u0119 Polski i socjologii. S\u0105 zbiorem zapisk\u00f3w z \u017cycia codziennego, wojen i podr\u00f3\u017cy, obserwacji i przemy\u015ble\u0144, \u0142\u0105czy je uwa\u017cno\u015b\u0107 i refleksyjno\u015b\u0107. Stanowi\u0105 materia\u0142 do biografii intelektualnej Ossowskiego i historii [&hellip;]<\/p>\n","protected":false},"author":11,"featured_media":0,"comment_status":"open","ping_status":"open","sticky":false,"template":"","format":"standard","meta":[],"categories":[],"tags":[],"_links":{"self":[{"href":"https:\/\/pts.org.pl\/en\/wp-json\/wp\/v2\/posts\/6358"}],"collection":[{"href":"https:\/\/pts.org.pl\/en\/wp-json\/wp\/v2\/posts"}],"about":[{"href":"https:\/\/pts.org.pl\/en\/wp-json\/wp\/v2\/types\/post"}],"author":[{"embeddable":true,"href":"https:\/\/pts.org.pl\/en\/wp-json\/wp\/v2\/users\/11"}],"replies":[{"embeddable":true,"href":"https:\/\/pts.org.pl\/en\/wp-json\/wp\/v2\/comments?post=6358"}],"version-history":[{"count":1,"href":"https:\/\/pts.org.pl\/en\/wp-json\/wp\/v2\/posts\/6358\/revisions"}],"predecessor-version":[{"id":6360,"href":"https:\/\/pts.org.pl\/en\/wp-json\/wp\/v2\/posts\/6358\/revisions\/6360"}],"wp:attachment":[{"href":"https:\/\/pts.org.pl\/en\/wp-json\/wp\/v2\/media?parent=6358"}],"wp:term":[{"taxonomy":"category","embeddable":true,"href":"https:\/\/pts.org.pl\/en\/wp-json\/wp\/v2\/categories?post=6358"},{"taxonomy":"post_tag","embeddable":true,"href":"https:\/\/pts.org.pl\/en\/wp-json\/wp\/v2\/tags?post=6358"}],"curies":[{"name":"wp","href":"https:\/\/api.w.org\/{rel}","templated":true}]}}