{"id":6356,"date":"2023-02-06T14:05:46","date_gmt":"2023-02-06T14:05:46","guid":{"rendered":"https:\/\/pts.org.pl\/?p=6356"},"modified":"2023-02-06T14:05:48","modified_gmt":"2023-02-06T14:05:48","slug":"odszedl-jerzy-kwasniewski","status":"publish","type":"post","link":"https:\/\/pts.org.pl\/en\/odszedl-jerzy-kwasniewski\/","title":{"rendered":"Odszed\u0142 Jerzy Kwa\u015bniewski"},"content":{"rendered":"<div class=\"fcbkbttn_buttons_block\" id=\"fcbkbttn_left\"><div class=\"fcbkbttn_button\">\n                            <a href=\"https:\/\/www.facebook.com\/\" target=\"_blank\">\n                                <img src=\"https:\/\/pts.org.pl\/wp-content\/plugins\/facebook-button-plugin\/images\/standard-facebook-ico.png\" alt=\"Fb-Button\" \/>\n                            <\/a>\n                        <\/div><div class=\"fcbkbttn_like \"><fb:like href=\"https:\/\/pts.org.pl\/en\/odszedl-jerzy-kwasniewski\/\" action=\"like\" colorscheme=\"light\" layout=\"button_count\"  size=\"small\"><\/fb:like><\/div><\/div>\n<p>Szanowni Pa\u0144stwo,<\/p>\n\n\n\n<p>Ze smutkiem informujemy, \u017ce 31 stycznia 2023 zmar\u0142 wieloletni aktywny cz\u0142onek Polskiego Towarzystwa Socjologicznego prof. Jerzy Kwa\u015bniewski. Dzia\u0142a\u0142 m.in. w Sekcji Socjologii Prawa, Sekcji Socjotechniki, Sekcji Socjologii Dewiacji i Kontroli Spo\u0142ecznej. Kierowa\u0142 pracami, kt\u00f3rych owocem by\u0142o powstanie Kodeksu Etyki Socjologa \u2013 najwa\u017cniejszego dokumentu b\u0119d\u0105cego kierunkowskazem dla bada\u0144 socjologicznych w Polsce.<\/p>\n\n\n\n<p>Wspomnienie o prof. Kwa\u015bniewskim mo\u017cna przeczyta\u0107 na stronie Instytutu Profilaktyki Spo\u0142ecznej i Resocjalizacji UW, kt\u00f3rego by\u0142 wieloletnim pracownikiem:&nbsp;<a href=\"https:\/\/ipsir.uw.edu.pl\/odszedl-profesor-jerzy-kwasniewski\/\" target=\"_blank\" rel=\"noreferrer noopener\">https:\/\/ipsir.uw.edu.pl\/odszedl-profesor-jerzy-kwasniewski\/<\/a><\/p>\n","protected":false},"excerpt":{"rendered":"<p>Szanowni Pa\u0144stwo, Ze smutkiem informujemy, \u017ce 31 stycznia 2023 zmar\u0142 wieloletni aktywny cz\u0142onek Polskiego Towarzystwa Socjologicznego prof. Jerzy Kwa\u015bniewski. Dzia\u0142a\u0142 m.in. w Sekcji Socjologii Prawa, Sekcji Socjotechniki, Sekcji Socjologii Dewiacji i Kontroli Spo\u0142ecznej. Kierowa\u0142 pracami, kt\u00f3rych owocem by\u0142o powstanie Kodeksu Etyki Socjologa \u2013 najwa\u017cniejszego dokumentu b\u0119d\u0105cego kierunkowskazem dla bada\u0144 socjologicznych w Polsce. Wspomnienie o prof. [&hellip;]<\/p>\n","protected":false},"author":11,"featured_media":0,"comment_status":"open","ping_status":"open","sticky":false,"template":"","format":"standard","meta":[],"categories":[],"tags":[],"_links":{"self":[{"href":"https:\/\/pts.org.pl\/en\/wp-json\/wp\/v2\/posts\/6356"}],"collection":[{"href":"https:\/\/pts.org.pl\/en\/wp-json\/wp\/v2\/posts"}],"about":[{"href":"https:\/\/pts.org.pl\/en\/wp-json\/wp\/v2\/types\/post"}],"author":[{"embeddable":true,"href":"https:\/\/pts.org.pl\/en\/wp-json\/wp\/v2\/users\/11"}],"replies":[{"embeddable":true,"href":"https:\/\/pts.org.pl\/en\/wp-json\/wp\/v2\/comments?post=6356"}],"version-history":[{"count":1,"href":"https:\/\/pts.org.pl\/en\/wp-json\/wp\/v2\/posts\/6356\/revisions"}],"predecessor-version":[{"id":6357,"href":"https:\/\/pts.org.pl\/en\/wp-json\/wp\/v2\/posts\/6356\/revisions\/6357"}],"wp:attachment":[{"href":"https:\/\/pts.org.pl\/en\/wp-json\/wp\/v2\/media?parent=6356"}],"wp:term":[{"taxonomy":"category","embeddable":true,"href":"https:\/\/pts.org.pl\/en\/wp-json\/wp\/v2\/categories?post=6356"},{"taxonomy":"post_tag","embeddable":true,"href":"https:\/\/pts.org.pl\/en\/wp-json\/wp\/v2\/tags?post=6356"}],"curies":[{"name":"wp","href":"https:\/\/api.w.org\/{rel}","templated":true}]}}