{"id":6350,"date":"2023-01-24T17:31:00","date_gmt":"2023-01-24T17:31:00","guid":{"rendered":"https:\/\/pts.org.pl\/?p=6350"},"modified":"2023-01-30T17:32:51","modified_gmt":"2023-01-30T17:32:51","slug":"jerzy-wilkin-1947-2023","status":"publish","type":"post","link":"https:\/\/pts.org.pl\/en\/jerzy-wilkin-1947-2023\/","title":{"rendered":"Jerzy Wilkin 1947 &#8211; 2023"},"content":{"rendered":"<div class=\"fcbkbttn_buttons_block\" id=\"fcbkbttn_left\"><div class=\"fcbkbttn_button\">\n                            <a href=\"https:\/\/www.facebook.com\/\" target=\"_blank\">\n                                <img src=\"https:\/\/pts.org.pl\/wp-content\/plugins\/facebook-button-plugin\/images\/standard-facebook-ico.png\" alt=\"Fb-Button\" \/>\n                            <\/a>\n                        <\/div><div class=\"fcbkbttn_like \"><fb:like href=\"https:\/\/pts.org.pl\/en\/jerzy-wilkin-1947-2023\/\" action=\"like\" colorscheme=\"light\" layout=\"button_count\"  size=\"small\"><\/fb:like><\/div><\/div>\n<p>W dniu 10 stycznia 2023 roku w wieku 75 lat odszed\u0142&nbsp;<strong>prof. dr. hab. dr h. c. mult. Jerzy Wilkin, cz\u0142onek rzeczywisty PAN<\/strong>. By\u0142 wybitnym naukowcem, nauczycielem akademickim, tw\u00f3rczym badaczem, niekwestionowanym autorytetem, niezwyk\u0142ym cz\u0142owiekiem.<\/p>\n\n\n\n<p>By\u0142 ekonomist\u0105 \u2013 humanist\u0105. Zajmowa\u0142 si\u0119 ekonomi\u0105 instytucjonaln\u0105, ekonomi\u0105 polityczn\u0105 i&nbsp;ekonomi\u0105 sfery publicznej, by\u0142 autorem ok. 400 publikacji naukowych dotycz\u0105cych m.in. ewolucji i transformacji system\u00f3w spo\u0142eczno-ekonomicznych, relacji mi\u0119dzy pa\u0144stwem a gospodark\u0105, problematyki rozwoju wsi i rolnictwa, naukowych podstaw polityki, metodologii ekonomii i filozofii nauki. Prowadzi\u0142 tak\u017ce badania interdyscyplinarne wsp\u00f3\u0142pracuj\u0105c m.in. z wybitnymi socjologami, geografami i politologami.&nbsp;&nbsp;&nbsp;&nbsp;&nbsp;&nbsp;&nbsp;&nbsp;&nbsp;&nbsp; Jego humanistyczna perspektywa ekonomii znalaz\u0142a najpe\u0142niejszy wyraz w monografii&nbsp;<em>Instytucjonalne i kulturowe podstawy gospodarowania. Humanistyczna perspektywa ekonomii<\/em>&nbsp;(Scholar 2016), kt\u00f3ra otrzyma\u0142a Nagrod\u0119 im. E. Lipi\u0144skiego Polskiego Towarzystwa Ekonomicznego.<\/p>\n\n\n\n<p>Jego \u017cycie zawodowe zwi\u0105zane by\u0142o \u2013 od czasu studi\u00f3w a\u017c do roku 2014 \u2013 z Uniwersytetem Warszawskim, gdzie uzyska\u0142 wszystkie \u2013 od magistra po profesora \u2013 stopnie kariery naukowej. By\u0142 prodziekanem (1987\u20131990) i dziekanem (1996\u20131999) Wydzia\u0142u Nauk Ekonomicznych UW, kierownikiem Katedry Ekonomii Politycznej (1996\u20132014) oraz pierwszym dyrektorem O\u015brodka Studi\u00f3w Ameryka\u0144skich UW (1990\u20131992). Wyk\u0142ada\u0142 tak\u017ce m.in. na Uniwersytecie w Bia\u0142ymstoku, w Wy\u017cszej Szkole Komunikowania i Medi\u00f3w Spo\u0142ecznych im. Jerzego Giedroycia w Warszawie, w kilkunastu krajach jako&nbsp;<em>Visiting Professor.&nbsp;<\/em>W 2002 roku zwi\u0105za\u0142 si\u0119 trwale z Instytutem Rozwoju Wsi i Rolnictwa PAN, w kt\u00f3rym stworzy\u0142 Zak\u0142ad Integracji Europejskiej i kierowa\u0142 nim do 2022 roku. Nie by\u0142 to przypadek, gdy\u017c rolnictwo by\u0142o jednym z przedmiot\u00f3w prowadzonych przez Niego bada\u0144: stopie\u0144 naukowy doktora uzyska\u0142 (w 1976 r.) na podstawie pracy pt.&nbsp;<em>Tworzenie i podzia\u0142 dochod\u00f3w ludno\u015bci rolniczej w Polsce,&nbsp;<\/em>&nbsp;doktora habilitowanego (1985 r.) &#8211; w oparciu o rozpraw\u0119 zatytu\u0142owan\u0105&nbsp;<em>Wsp\u00f3\u0142czesna kwestia agrarna<\/em>. Za szczeg\u00f3lny wk\u0142ad badawczy w zakresie ekonomiki rolnictwa i rozwoju obszar\u00f3w wiejskich mo\u017cna uzna\u0107 prace prof. dr hab. Jerzego Wilkina dotycz\u0105ce m.in.: mechanizm\u00f3w adaptacji rolnictwa ch\u0142opskiego i rolnictwa PGR-owskiego do nowych warunk\u00f3w systemowych po 1989 roku; skutk\u00f3w oddzia\u0142ywania Wsp\u00f3lnej Polityki Rolnej oraz wielofunkcyjno\u015bci rolnictwa i powi\u0105zania tego zjawiska z instrumentami polityki rolnej. By\u0142 inicjatorem i redaktorem naukowym interdyscyplinarnej serii wydawniczej \u201eRaport o Stanie Wsi. Polska Wie\u015b\u201d (FDPA), kt\u00f3rej od 2000 roku ukaza\u0142o si\u0119 12 edycji. Tak\u017ce &#8211; wsp\u00f3\u0142redaktorem trzytomowej monografii \u201eCi\u0105g\u0142o\u015b\u0107 i zmiana. Sto lat rozwoju polskiej wsi\u201d (IRWIR PAN &#8211; Scholar 2019, 2021).<\/p>\n\n\n\n<p>Do ko\u0144ca swych dni by\u0142 aktywny na wielu polach. Profesor Jerzy Wilkin przez kilka kolejnych kadencji by\u0142 aktywnym Cz\u0142onkiem Komitetu Nauk Ekonomicznych PAN, Przewodnicz\u0105cym Rady Fundacji na rzecz Rozwoju Polskiego Rolnictwa, cz\u0142onkiem rady naukowej Polskiego Towarzystwa Ekonomicznego, cz\u0142onkiem zarz\u0105du Europejskiego Stowarzyszenia Ekonomist\u00f3w Rolnych (EAAE), cz\u0142onkiem Polskiego Towarzystwa Socjologicznego a tak\u017ce przewodnicz\u0105cym rady programowej czasopisma \u201e<a href=\"https:\/\/pl.wikipedia.org\/wiki\/Ekonomista_%28czasopismo%29\" target=\"_blank\" rel=\"noreferrer noopener\">Ekonomista<\/a>\u201d, wieloletnim redaktorem naczelnym Kwartalnika \u201eWie\u015b i Rolnictwo\u201d a ostatnio przewodnicz\u0105cym jego rady programowej. Jako cz\u0142onek rzeczywisty PAN zasiada\u0142 w radach naukowych Instytutu Filozofii i Socjologii PAN, Instytutu Geografii i Przestrzennego Zagospodarowania PAN, Instytutu Nauk Ekonomicznych PAN i oczywi\u015bcie macierzystego Instytutu Rozwoju Wsi i Rolnictwa PAN.<\/p>\n\n\n\n<p>B\u0119dzie Go w Instytucie Rozwoju Wsi i Rolnictwa PAN oraz ruralistycznym \u015brodowisku bardzo brakowa\u0142o.<\/p>\n\n\n\n<p>Maria Halamska<\/p>\n","protected":false},"excerpt":{"rendered":"<p>W dniu 10 stycznia 2023 roku w wieku 75 lat odszed\u0142&nbsp;prof. dr. hab. dr h. c. mult. Jerzy Wilkin, cz\u0142onek rzeczywisty PAN. By\u0142 wybitnym naukowcem, nauczycielem akademickim, tw\u00f3rczym badaczem, niekwestionowanym autorytetem, niezwyk\u0142ym cz\u0142owiekiem. By\u0142 ekonomist\u0105 \u2013 humanist\u0105. Zajmowa\u0142 si\u0119 ekonomi\u0105 instytucjonaln\u0105, ekonomi\u0105 polityczn\u0105 i&nbsp;ekonomi\u0105 sfery publicznej, by\u0142 autorem ok. 400 publikacji naukowych dotycz\u0105cych m.in. ewolucji [&hellip;]<\/p>\n","protected":false},"author":11,"featured_media":0,"comment_status":"open","ping_status":"open","sticky":false,"template":"","format":"standard","meta":[],"categories":[],"tags":[],"_links":{"self":[{"href":"https:\/\/pts.org.pl\/en\/wp-json\/wp\/v2\/posts\/6350"}],"collection":[{"href":"https:\/\/pts.org.pl\/en\/wp-json\/wp\/v2\/posts"}],"about":[{"href":"https:\/\/pts.org.pl\/en\/wp-json\/wp\/v2\/types\/post"}],"author":[{"embeddable":true,"href":"https:\/\/pts.org.pl\/en\/wp-json\/wp\/v2\/users\/11"}],"replies":[{"embeddable":true,"href":"https:\/\/pts.org.pl\/en\/wp-json\/wp\/v2\/comments?post=6350"}],"version-history":[{"count":1,"href":"https:\/\/pts.org.pl\/en\/wp-json\/wp\/v2\/posts\/6350\/revisions"}],"predecessor-version":[{"id":6351,"href":"https:\/\/pts.org.pl\/en\/wp-json\/wp\/v2\/posts\/6350\/revisions\/6351"}],"wp:attachment":[{"href":"https:\/\/pts.org.pl\/en\/wp-json\/wp\/v2\/media?parent=6350"}],"wp:term":[{"taxonomy":"category","embeddable":true,"href":"https:\/\/pts.org.pl\/en\/wp-json\/wp\/v2\/categories?post=6350"},{"taxonomy":"post_tag","embeddable":true,"href":"https:\/\/pts.org.pl\/en\/wp-json\/wp\/v2\/tags?post=6350"}],"curies":[{"name":"wp","href":"https:\/\/api.w.org\/{rel}","templated":true}]}}