{"id":6344,"date":"2023-01-27T10:12:10","date_gmt":"2023-01-27T10:12:10","guid":{"rendered":"https:\/\/pts.org.pl\/?p=6344"},"modified":"2023-01-27T10:12:12","modified_gmt":"2023-01-27T10:12:12","slug":"miedzynarodowa-konferencja-how-do-we-feel-about-democracy-results-of-the-european-social-survey","status":"publish","type":"post","link":"https:\/\/pts.org.pl\/en\/miedzynarodowa-konferencja-how-do-we-feel-about-democracy-results-of-the-european-social-survey\/","title":{"rendered":"Mi\u0119dzynarodowa konferencja \u201dHow do we feel about democracy? Results of the European Social Survey\u201d"},"content":{"rendered":"<div class=\"fcbkbttn_buttons_block\" id=\"fcbkbttn_left\"><div class=\"fcbkbttn_button\">\n                            <a href=\"https:\/\/www.facebook.com\/\" target=\"_blank\">\n                                <img src=\"https:\/\/pts.org.pl\/wp-content\/plugins\/facebook-button-plugin\/images\/standard-facebook-ico.png\" alt=\"Fb-Button\" \/>\n                            <\/a>\n                        <\/div><div class=\"fcbkbttn_like \"><fb:like href=\"https:\/\/pts.org.pl\/en\/miedzynarodowa-konferencja-how-do-we-feel-about-democracy-results-of-the-european-social-survey\/\" action=\"like\" colorscheme=\"light\" layout=\"button_count\"  size=\"small\"><\/fb:like><\/div><\/div>\n<p>Szanowni Pa\u0144stwo,<\/p>\n\n\n\n<p>mam przyjemno\u015b\u0107 zaprosi\u0107 Pa\u0144stwa do udzia\u0142u w mi\u0119dzynarodowej konferencji \u201dHow do we feel about democracy? Results of the European Social Survey\u201d. B\u0119dzie ona po\u015bwi\u0119cona prezentacji wynik\u00f3w 10. edycji badania \u201eEuropejski Sonda\u017c Spo\u0142eczny\u201d (ESS). Konferencja odb\u0119dzie si\u0119 3 lutego 2023 r. w Sali Lustrzanej Pa\u0142acu Staszica przy ul. Nowy \u015awiat 72 w Warszawie. Pocz\u0105tek o godz. 9.00.<\/p>\n\n\n\n<p>Konferencj\u0119 po\u015bwi\u0119cimy jednemu z problem\u00f3w zbadanych podczas tej edycji ESS, tzn. temu, jak Europejczycy postrzegaj\u0105 i oceniaj\u0105 funkcjonowanie demokracji. Konferencja b\u0119dzie okazj\u0105, \u017ceby w gronie uznanych badaczy z wielu zagranicznych o\u015brodk\u00f3w naukowych porozmawia\u0107 o kondycji demokracji, a tak\u017ce zagro\u017ceniach i wyzwaniach przed ni\u0105 stoj\u0105cych. Wyk\u0142ad inauguruj\u0105cy pt. \u201eIs there a crisis of democracy in Europe?\u201d wyg\u0142osi prof. Hanspeter Kriesi z Europejskiego Instytutu Uniwersyteckiego we Florencji (EUI). W trakcie konferencji odb\u0119d\u0105 si\u0119 te\u017c inne wydarzenia, mi\u0119dzy innymi dyskusja okr\u0105g\u0142ego sto\u0142u \u201eHow do we feel about democracy?\u201d i prezentacja wynik\u00f3w 10. edycji badania ESS w zakresie postaw wobec demokracji. Szczeg\u00f3\u0142owy program konferencji zamieszczony jest na stronie internetowej projektu: https:\/\/ess.ifispan.pl\/konferencja\/<\/p>\n\n\n\n<p>W konferencji mo\u017cna wzi\u0105\u0107 udzia\u0142 osobi\u015bcie lub online, korzystaj\u0105c z transmisji Zoom. Osoby zainteresowane prosimy o wcze\u015bniejsz\u0105 rejestracj\u0119 przez wype\u0142nienie formularza zg\u0142oszeniowego: https:\/\/forms.gle\/3iWkPnJibwLDrp5t8<\/p>\n\n\n\n<p>Link do transmisji zoom zostanie wys\u0142any na adres email wskazany w formularzu zg\u0142oszeniowym. Konferencja odb\u0119dzie si\u0119 w j\u0119zyku angielskim.<\/p>\n\n\n\n<p>Z powa\u017caniem,<\/p>\n\n\n\n<p>Dr Micha\u0142 Kotnarowski<\/p>\n\n\n\n<p>Narodowy Koordynator projektu ESS<\/p>\n\n\n\n<p>Instytut Filozofii i Socjologii PAN<\/p>\n\n\n\n<div class=\"wp-block-file\"><object class=\"wp-block-file__embed\" data=\"https:\/\/pts.org.pl\/wp-content\/uploads\/2023\/01\/ESS-2023-conference-1-day-programme.pdf\" type=\"application\/pdf\" style=\"width:100%;height:600px\" aria-label=\"Osadzone z ESS-2023-conference-1-day-programme.\"><\/object><a href=\"https:\/\/pts.org.pl\/wp-content\/uploads\/2023\/01\/ESS-2023-conference-1-day-programme.pdf\">ESS-2023-conference-1-day-programme<\/a><a href=\"https:\/\/pts.org.pl\/wp-content\/uploads\/2023\/01\/ESS-2023-conference-1-day-programme.pdf\" class=\"wp-block-file__button\" download>Pobierz<\/a><\/div>\n","protected":false},"excerpt":{"rendered":"<p>Szanowni Pa\u0144stwo, mam przyjemno\u015b\u0107 zaprosi\u0107 Pa\u0144stwa do udzia\u0142u w mi\u0119dzynarodowej konferencji \u201dHow do we feel about democracy? Results of the European Social Survey\u201d. B\u0119dzie ona po\u015bwi\u0119cona prezentacji wynik\u00f3w 10. edycji badania \u201eEuropejski Sonda\u017c Spo\u0142eczny\u201d (ESS). Konferencja odb\u0119dzie si\u0119 3 lutego 2023 r. w Sali Lustrzanej Pa\u0142acu Staszica przy ul. Nowy \u015awiat 72 w Warszawie. Pocz\u0105tek [&hellip;]<\/p>\n","protected":false},"author":11,"featured_media":0,"comment_status":"open","ping_status":"open","sticky":false,"template":"","format":"standard","meta":[],"categories":[],"tags":[],"_links":{"self":[{"href":"https:\/\/pts.org.pl\/en\/wp-json\/wp\/v2\/posts\/6344"}],"collection":[{"href":"https:\/\/pts.org.pl\/en\/wp-json\/wp\/v2\/posts"}],"about":[{"href":"https:\/\/pts.org.pl\/en\/wp-json\/wp\/v2\/types\/post"}],"author":[{"embeddable":true,"href":"https:\/\/pts.org.pl\/en\/wp-json\/wp\/v2\/users\/11"}],"replies":[{"embeddable":true,"href":"https:\/\/pts.org.pl\/en\/wp-json\/wp\/v2\/comments?post=6344"}],"version-history":[{"count":1,"href":"https:\/\/pts.org.pl\/en\/wp-json\/wp\/v2\/posts\/6344\/revisions"}],"predecessor-version":[{"id":6346,"href":"https:\/\/pts.org.pl\/en\/wp-json\/wp\/v2\/posts\/6344\/revisions\/6346"}],"wp:attachment":[{"href":"https:\/\/pts.org.pl\/en\/wp-json\/wp\/v2\/media?parent=6344"}],"wp:term":[{"taxonomy":"category","embeddable":true,"href":"https:\/\/pts.org.pl\/en\/wp-json\/wp\/v2\/categories?post=6344"},{"taxonomy":"post_tag","embeddable":true,"href":"https:\/\/pts.org.pl\/en\/wp-json\/wp\/v2\/tags?post=6344"}],"curies":[{"name":"wp","href":"https:\/\/api.w.org\/{rel}","templated":true}]}}