{"id":6339,"date":"2023-01-19T12:26:10","date_gmt":"2023-01-19T12:26:10","guid":{"rendered":"https:\/\/pts.org.pl\/?p=6339"},"modified":"2023-01-19T12:26:12","modified_gmt":"2023-01-19T12:26:12","slug":"spotkanie-pt-rownosc-zinstytucjonalizowana-plany-rownosci-plci-i-doswiadczenia-uczelni-w-polsce","status":"publish","type":"post","link":"https:\/\/pts.org.pl\/en\/spotkanie-pt-rownosc-zinstytucjonalizowana-plany-rownosci-plci-i-doswiadczenia-uczelni-w-polsce\/","title":{"rendered":"Spotkanie pt. R\u00f3wno\u015b\u0107 zinstytucjonalizowana: Plany R\u00f3wno\u015bci P\u0142ci i do\u015bwiadczenia uczelni w Polsce"},"content":{"rendered":"<div class=\"fcbkbttn_buttons_block\" id=\"fcbkbttn_left\"><div class=\"fcbkbttn_button\">\n                            <a href=\"https:\/\/www.facebook.com\/\" target=\"_blank\">\n                                <img src=\"https:\/\/pts.org.pl\/wp-content\/plugins\/facebook-button-plugin\/images\/standard-facebook-ico.png\" alt=\"Fb-Button\" \/>\n                            <\/a>\n                        <\/div><div class=\"fcbkbttn_like \"><fb:like href=\"https:\/\/pts.org.pl\/en\/spotkanie-pt-rownosc-zinstytucjonalizowana-plany-rownosci-plci-i-doswiadczenia-uczelni-w-polsce\/\" action=\"like\" colorscheme=\"light\" layout=\"button_count\"  size=\"small\"><\/fb:like><\/div><\/div>\n<p>Drogie Osoby,<\/p>\n\n\n\n<p>zapraszamy na spotkanie pt. R\u00f3wno\u015b\u0107 zinstytucjonalizowana: Plany R\u00f3wno\u015bci P\u0142ci i do\u015bwiadczenia uczelni w Polsce, kt\u00f3re odb\u0119dzie si\u0119 25 stycznia o godz. 16:00 &#8211; 17:30. <\/p>\n\n\n\n<p>O swoich do\u015bwiadczeniach w przygotowywaniu i wdra\u017caniu Plan\u00f3w R\u00f3wno\u015bci P\u0142ci opowiedz\u0105: <\/p>\n\n\n\n<p>Aleksandra Migalska i Agnieszka Sznajder (Uniwersytet Jagiello\u0144ski), <\/p>\n\n\n\n<p>Jan Ga\u0142kowski (Uniwersytet Rzeszowski), <\/p>\n\n\n\n<p>Katarzyna Leszczy\u0144ska (Akademia G\u00f3rniczo-Hutnicza) oraz <\/p>\n\n\n\n<p>Magdalena Grabowska i Dorota Hall (Instytut Filozofii i Socjologii PAN). <\/p>\n\n\n\n<p>Rejestracja na spotkanie odbywa si\u0119 poprzez maila wys\u0142anego do 24 stycznia 2023 na socjologia.plci.pts@gmail.com. W dniu spotkania do os\u00f3b zarejestrowanych zostanie wys\u0142any link do spotkania online.<\/p>\n\n\n\n<p>Do zobaczenia!<\/p>\n","protected":false},"excerpt":{"rendered":"<p>Drogie Osoby, zapraszamy na spotkanie pt. R\u00f3wno\u015b\u0107 zinstytucjonalizowana: Plany R\u00f3wno\u015bci P\u0142ci i do\u015bwiadczenia uczelni w Polsce, kt\u00f3re odb\u0119dzie si\u0119 25 stycznia o godz. 16:00 &#8211; 17:30. O swoich do\u015bwiadczeniach w przygotowywaniu i wdra\u017caniu Plan\u00f3w R\u00f3wno\u015bci P\u0142ci opowiedz\u0105: Aleksandra Migalska i Agnieszka Sznajder (Uniwersytet Jagiello\u0144ski), Jan Ga\u0142kowski (Uniwersytet Rzeszowski), Katarzyna Leszczy\u0144ska (Akademia G\u00f3rniczo-Hutnicza) oraz Magdalena Grabowska [&hellip;]<\/p>\n","protected":false},"author":11,"featured_media":0,"comment_status":"open","ping_status":"open","sticky":false,"template":"","format":"standard","meta":[],"categories":[],"tags":[],"_links":{"self":[{"href":"https:\/\/pts.org.pl\/en\/wp-json\/wp\/v2\/posts\/6339"}],"collection":[{"href":"https:\/\/pts.org.pl\/en\/wp-json\/wp\/v2\/posts"}],"about":[{"href":"https:\/\/pts.org.pl\/en\/wp-json\/wp\/v2\/types\/post"}],"author":[{"embeddable":true,"href":"https:\/\/pts.org.pl\/en\/wp-json\/wp\/v2\/users\/11"}],"replies":[{"embeddable":true,"href":"https:\/\/pts.org.pl\/en\/wp-json\/wp\/v2\/comments?post=6339"}],"version-history":[{"count":1,"href":"https:\/\/pts.org.pl\/en\/wp-json\/wp\/v2\/posts\/6339\/revisions"}],"predecessor-version":[{"id":6340,"href":"https:\/\/pts.org.pl\/en\/wp-json\/wp\/v2\/posts\/6339\/revisions\/6340"}],"wp:attachment":[{"href":"https:\/\/pts.org.pl\/en\/wp-json\/wp\/v2\/media?parent=6339"}],"wp:term":[{"taxonomy":"category","embeddable":true,"href":"https:\/\/pts.org.pl\/en\/wp-json\/wp\/v2\/categories?post=6339"},{"taxonomy":"post_tag","embeddable":true,"href":"https:\/\/pts.org.pl\/en\/wp-json\/wp\/v2\/tags?post=6339"}],"curies":[{"name":"wp","href":"https:\/\/api.w.org\/{rel}","templated":true}]}}