{"id":6337,"date":"2023-01-18T09:49:02","date_gmt":"2023-01-18T09:49:02","guid":{"rendered":"https:\/\/pts.org.pl\/?p=6337"},"modified":"2023-01-18T09:49:04","modified_gmt":"2023-01-18T09:49:04","slug":"zawiadomienie-o-smierci-prof-roberta-b-wozniaka","status":"publish","type":"post","link":"https:\/\/pts.org.pl\/en\/zawiadomienie-o-smierci-prof-roberta-b-wozniaka\/","title":{"rendered":"Zawiadomienie o \u015bmierci prof. Roberta B. Wo\u017aniaka"},"content":{"rendered":"<div class=\"fcbkbttn_buttons_block\" id=\"fcbkbttn_left\"><div class=\"fcbkbttn_button\">\n                            <a href=\"https:\/\/www.facebook.com\/\" target=\"_blank\">\n                                <img src=\"https:\/\/pts.org.pl\/wp-content\/plugins\/facebook-button-plugin\/images\/standard-facebook-ico.png\" alt=\"Fb-Button\" \/>\n                            <\/a>\n                        <\/div><div class=\"fcbkbttn_like \"><fb:like href=\"https:\/\/pts.org.pl\/en\/zawiadomienie-o-smierci-prof-roberta-b-wozniaka\/\" action=\"like\" colorscheme=\"light\" layout=\"button_count\"  size=\"small\"><\/fb:like><\/div><\/div>\n<p>Z g\u0142\u0119bokim \u017calem zawiadamiamy o \u015bmierci profesora Roberta Bernarda Wo\u017aniaka, nestora szczeci\u0144skiej socjologii, wychowawcy, opiekuna naukowego i promotora badaczy z naszego \u015brodowiska naukowego. By\u0142 jedn\u0105 z czo\u0142owych postaci polskiej socjologii morskiej i bada\u0144 pogranicza polsko-niemieckiego.<\/p>\n\n\n\n<p>Profesor Robert Bernard Wo\u017aniak, ur. 22 pa\u017adziernika 1931 r. w Valenncienes (Francja), zm. 12.01.2023 w Szczecinie. Doktorat (1971 r.) i habilitacj\u0119 (1982 r.) z socjologii otrzyma\u0142 na Uniwersytecie im. Adama Mickiewicza w Poznaniu. Tytu\u0142 profesora nauk humanistycznych otrzyma\u0142 w 1994 r. W swoich badaniach porusza\u0142 takie obszary jak pogranicze, socjologia morska, edukacja, Ziemie Zachodnie i P\u00f3\u0142nocne. W ostatnich latach jego zainteresowania naukowe koncentrowa\u0142y si\u0119 wok\u00f3\u0142 socjoglobalistyki, morskich spo\u0142eczno\u015bci lokalnych i ekologii spo\u0142ecznej.<\/p>\n\n\n\n<p>Od 1985 roku, a\u017c do przej\u015bcia na emerytur\u0119 w 2007 r. by\u0142 Kierownikiem Zak\u0142adu Socjologii Og\u00f3lnej Instytutu US. Pe\u0142ni\u0142 szereg funkcji, min. dyrektora Instytutu Zachodniopomorskiego, prodziekana Wydzia\u0142u Humanistycznego US, Rektora Ba\u0142tyckiej Wy\u017cszej Szko\u0142y Humanistycznej w Koszalinie. Przez wiele lat by\u0142 Przewodnicz\u0105cym Komisji Socjologii Morskiej PAN, Oddzia\u0142 w Gda\u0144sku.<\/p>\n\n\n\n<p>Jego \u0142\u0105czny dorobek liczy kilkaset publikacji, autor ksi\u0105\u017cek, takich jak: Stoczniowcy Szczecina : studium socjologiczne Stoczni im. Adolfa Warskiego (1976), Problemy socjologii wychowania morskiego (1988), Struktury spo\u0142eczno\u015bci ma\u0142ych miast: studium socjologiczne nad zr\u00f3\u017cnicowaniem struktur wybranych miast wojew\u00f3dztwa szczeci\u0144skiego (1979), Spo\u0142eczno\u015b\u0107 miasta portowego w procesie przemian (1991), Spo\u0142eczno\u015b\u0107 lokalna bezrobotnych (1995), Obraz Niemiec i Niemc\u00f3w w \u015bwiadomo\u015bci polskiej m\u0142odzie\u017cy pogranicza (1997), Zarys socjologii edukacji i zachowa\u0144 spo\u0142ecznych. Ku spo\u0142ecze\u0144stwu otwartej edukacji (2002), U podstaw socjoglobalistyki. Koncepcje i zagro\u017cenia (2009), Mikrosocjologia edukacji w zarysie (2012).<\/p>\n\n\n\n<p>Uroczysto\u015bci pogrzebowe rozpoczn\u0105 si\u0119 w pi\u0105tek (20 stycznia br.) o godz. 12.30 w kaplicy g\u0142\u00f3wnej Cmentarza Centralnego w Szczecinie.<\/p>\n","protected":false},"excerpt":{"rendered":"<p>Z g\u0142\u0119bokim \u017calem zawiadamiamy o \u015bmierci profesora Roberta Bernarda Wo\u017aniaka, nestora szczeci\u0144skiej socjologii, wychowawcy, opiekuna naukowego i promotora badaczy z naszego \u015brodowiska naukowego. By\u0142 jedn\u0105 z czo\u0142owych postaci polskiej socjologii morskiej i bada\u0144 pogranicza polsko-niemieckiego. Profesor Robert Bernard Wo\u017aniak, ur. 22 pa\u017adziernika 1931 r. w Valenncienes (Francja), zm. 12.01.2023 w Szczecinie. Doktorat (1971 r.) i [&hellip;]<\/p>\n","protected":false},"author":11,"featured_media":0,"comment_status":"open","ping_status":"open","sticky":false,"template":"","format":"standard","meta":[],"categories":[],"tags":[],"_links":{"self":[{"href":"https:\/\/pts.org.pl\/en\/wp-json\/wp\/v2\/posts\/6337"}],"collection":[{"href":"https:\/\/pts.org.pl\/en\/wp-json\/wp\/v2\/posts"}],"about":[{"href":"https:\/\/pts.org.pl\/en\/wp-json\/wp\/v2\/types\/post"}],"author":[{"embeddable":true,"href":"https:\/\/pts.org.pl\/en\/wp-json\/wp\/v2\/users\/11"}],"replies":[{"embeddable":true,"href":"https:\/\/pts.org.pl\/en\/wp-json\/wp\/v2\/comments?post=6337"}],"version-history":[{"count":1,"href":"https:\/\/pts.org.pl\/en\/wp-json\/wp\/v2\/posts\/6337\/revisions"}],"predecessor-version":[{"id":6338,"href":"https:\/\/pts.org.pl\/en\/wp-json\/wp\/v2\/posts\/6337\/revisions\/6338"}],"wp:attachment":[{"href":"https:\/\/pts.org.pl\/en\/wp-json\/wp\/v2\/media?parent=6337"}],"wp:term":[{"taxonomy":"category","embeddable":true,"href":"https:\/\/pts.org.pl\/en\/wp-json\/wp\/v2\/categories?post=6337"},{"taxonomy":"post_tag","embeddable":true,"href":"https:\/\/pts.org.pl\/en\/wp-json\/wp\/v2\/tags?post=6337"}],"curies":[{"name":"wp","href":"https:\/\/api.w.org\/{rel}","templated":true}]}}