{"id":6334,"date":"2022-12-01T12:41:00","date_gmt":"2022-12-01T12:41:00","guid":{"rendered":"https:\/\/pts.org.pl\/?p=6334"},"modified":"2023-01-14T12:43:41","modified_gmt":"2023-01-14T12:43:41","slug":"czwartek-z-socjologia-historyczna-8-grudnia-2022-r","status":"publish","type":"post","link":"https:\/\/pts.org.pl\/en\/czwartek-z-socjologia-historyczna-8-grudnia-2022-r\/","title":{"rendered":"Czwartek z Socjologi\u0105 Historyczn\u0105, 8 grudnia 2022 r."},"content":{"rendered":"<div class=\"fcbkbttn_buttons_block\" id=\"fcbkbttn_left\"><div class=\"fcbkbttn_button\">\n                            <a href=\"https:\/\/www.facebook.com\/\" target=\"_blank\">\n                                <img src=\"https:\/\/pts.org.pl\/wp-content\/plugins\/facebook-button-plugin\/images\/standard-facebook-ico.png\" alt=\"Fb-Button\" \/>\n                            <\/a>\n                        <\/div><div class=\"fcbkbttn_like \"><fb:like href=\"https:\/\/pts.org.pl\/en\/czwartek-z-socjologia-historyczna-8-grudnia-2022-r\/\" action=\"like\" colorscheme=\"light\" layout=\"button_count\"  size=\"small\"><\/fb:like><\/div><\/div>\n<p>Drogie Kole\u017canki i Koledzy,<\/p>\n\n\n\n<p>w imieniu Przewodnicz\u0105cego Sekcji Socjologii Historycznej PTS, Borysa Cymbrowskiego i zespo\u0142u Czwartk\u00f3w zapraszam na kolejne czwartkowe seminarium. Szczeg\u00f3\u0142owe informacje zamieszczono w za\u0142\u0105czonym zaproszeniu.<\/p>\n\n\n\n<p>Pozdrawiam,<br>Jaros\u0142aw Kilias<\/p>\n\n\n\n<div class=\"wp-block-file\"><object class=\"wp-block-file__embed\" data=\"https:\/\/pts.org.pl\/wp-content\/uploads\/2023\/01\/Czwartek-08.12.22.pdf\" type=\"application\/pdf\" style=\"width:100%;height:600px\" aria-label=\"Osadzone z Czwartek-08.12.22.\"><\/object><a href=\"https:\/\/pts.org.pl\/wp-content\/uploads\/2023\/01\/Czwartek-08.12.22.pdf\">Czwartek-08.12.22<\/a><a href=\"https:\/\/pts.org.pl\/wp-content\/uploads\/2023\/01\/Czwartek-08.12.22.pdf\" class=\"wp-block-file__button\" download>Pobierz<\/a><\/div>\n","protected":false},"excerpt":{"rendered":"<p>Drogie Kole\u017canki i Koledzy, w imieniu Przewodnicz\u0105cego Sekcji Socjologii Historycznej PTS, Borysa Cymbrowskiego i zespo\u0142u Czwartk\u00f3w zapraszam na kolejne czwartkowe seminarium. Szczeg\u00f3\u0142owe informacje zamieszczono w za\u0142\u0105czonym zaproszeniu. Pozdrawiam,Jaros\u0142aw Kilias<\/p>\n","protected":false},"author":11,"featured_media":0,"comment_status":"open","ping_status":"open","sticky":false,"template":"","format":"standard","meta":[],"categories":[],"tags":[],"_links":{"self":[{"href":"https:\/\/pts.org.pl\/en\/wp-json\/wp\/v2\/posts\/6334"}],"collection":[{"href":"https:\/\/pts.org.pl\/en\/wp-json\/wp\/v2\/posts"}],"about":[{"href":"https:\/\/pts.org.pl\/en\/wp-json\/wp\/v2\/types\/post"}],"author":[{"embeddable":true,"href":"https:\/\/pts.org.pl\/en\/wp-json\/wp\/v2\/users\/11"}],"replies":[{"embeddable":true,"href":"https:\/\/pts.org.pl\/en\/wp-json\/wp\/v2\/comments?post=6334"}],"version-history":[{"count":1,"href":"https:\/\/pts.org.pl\/en\/wp-json\/wp\/v2\/posts\/6334\/revisions"}],"predecessor-version":[{"id":6336,"href":"https:\/\/pts.org.pl\/en\/wp-json\/wp\/v2\/posts\/6334\/revisions\/6336"}],"wp:attachment":[{"href":"https:\/\/pts.org.pl\/en\/wp-json\/wp\/v2\/media?parent=6334"}],"wp:term":[{"taxonomy":"category","embeddable":true,"href":"https:\/\/pts.org.pl\/en\/wp-json\/wp\/v2\/categories?post=6334"},{"taxonomy":"post_tag","embeddable":true,"href":"https:\/\/pts.org.pl\/en\/wp-json\/wp\/v2\/tags?post=6334"}],"curies":[{"name":"wp","href":"https:\/\/api.w.org\/{rel}","templated":true}]}}