{"id":6332,"date":"2022-11-25T12:39:00","date_gmt":"2022-11-25T12:39:00","guid":{"rendered":"https:\/\/pts.org.pl\/?p=6332"},"modified":"2023-01-14T12:40:53","modified_gmt":"2023-01-14T12:40:53","slug":"seminarium-sekcji-socjologii-nauki-medialny-obraz-polskich-uniwersytetow","status":"publish","type":"post","link":"https:\/\/pts.org.pl\/en\/seminarium-sekcji-socjologii-nauki-medialny-obraz-polskich-uniwersytetow\/","title":{"rendered":"Seminarium Sekcji Socjologii Nauki: Medialny obraz polskich uniwersytet\u00f3w"},"content":{"rendered":"<div class=\"fcbkbttn_buttons_block\" id=\"fcbkbttn_left\"><div class=\"fcbkbttn_button\">\n                            <a href=\"https:\/\/www.facebook.com\/\" target=\"_blank\">\n                                <img src=\"https:\/\/pts.org.pl\/wp-content\/plugins\/facebook-button-plugin\/images\/standard-facebook-ico.png\" alt=\"Fb-Button\" \/>\n                            <\/a>\n                        <\/div><div class=\"fcbkbttn_like \"><fb:like href=\"https:\/\/pts.org.pl\/en\/seminarium-sekcji-socjologii-nauki-medialny-obraz-polskich-uniwersytetow\/\" action=\"like\" colorscheme=\"light\" layout=\"button_count\"  size=\"small\"><\/fb:like><\/div><\/div>\n<p>Seminarium Sekcji Socjologii Nauki: Medialny obraz polskich uniwersytet\u00f3wPTS INFO HOME &lt;pts.info@pts.org.pl&gt;&nbsp;Odpowiedz|Pt 25.11.2022, 14:43PTS INFO HOME &lt;pts.info@pts.org.pl&gt;<\/p>\n\n\n\n<p>Szanowne Kole\u017canki i Koledzy,<\/p>\n\n\n\n<p>Serdecznie zapraszamy na Seminarium Sekcji Socjologii Nauki po\u015bwi\u0119cone obrazowi polskiej nauki i uniwersytet\u00f3w w dyskursie medialnym.<\/p>\n\n\n\n<p>Pani Dr Aleksandra Rzyska b\u0119dzie referowa\u0142a tezy swojej ksi\u0105\u017cki wydanej w 2021 r. pt. Reprezentacje uniwersytetu w dyskursie prasowym.<\/p>\n\n\n\n<p>Roli komentatorki podejmie si\u0119 Pani Dr hab. Agnieszka Dziedziczak-Fo\u0142tyn.<\/p>\n\n\n\n<p>Zapraszamy do dyskusji nad tym aktualnym tematem.<\/p>\n\n\n\n<p>Spotkanie odb\u0119dzie si\u0119 6 grudnia o godz. 17.00 na platformie Zoom.<\/p>\n\n\n\n<p>Oto link do spotkania:<\/p>\n\n\n\n<p><a href=\"https:\/\/us06web.zoom.us\/j\/87066576935?pwd=dTgwNG4ybk8vVG00YTRQVmV5RnZ5Zz09\">https:\/\/us06web.zoom.us\/j\/87066576935?pwd=dTgwNG4ybk8vVG00YTRQVmV5RnZ5Zz09<\/a><\/p>\n\n\n\n<p>Meeting ID: 870 6657 6935<\/p>\n\n\n\n<p>Passcode: 864885<\/p>\n\n\n\n<p>W imieniu Zarz\u0105du Sekcji Socjologii Nauki<\/p>\n\n\n\n<p>Agnieszka Kolasa-Nowak<\/p>\n","protected":false},"excerpt":{"rendered":"<p>Seminarium Sekcji Socjologii Nauki: Medialny obraz polskich uniwersytet\u00f3wPTS INFO HOME &lt;pts.info@pts.org.pl&gt;&nbsp;Odpowiedz|Pt 25.11.2022, 14:43PTS INFO HOME &lt;pts.info@pts.org.pl&gt; Szanowne Kole\u017canki i Koledzy, Serdecznie zapraszamy na Seminarium Sekcji Socjologii Nauki po\u015bwi\u0119cone obrazowi polskiej nauki i uniwersytet\u00f3w w dyskursie medialnym. Pani Dr Aleksandra Rzyska b\u0119dzie referowa\u0142a tezy swojej ksi\u0105\u017cki wydanej w 2021 r. pt. Reprezentacje uniwersytetu w dyskursie prasowym. [&hellip;]<\/p>\n","protected":false},"author":11,"featured_media":0,"comment_status":"open","ping_status":"open","sticky":false,"template":"","format":"standard","meta":[],"categories":[],"tags":[],"_links":{"self":[{"href":"https:\/\/pts.org.pl\/en\/wp-json\/wp\/v2\/posts\/6332"}],"collection":[{"href":"https:\/\/pts.org.pl\/en\/wp-json\/wp\/v2\/posts"}],"about":[{"href":"https:\/\/pts.org.pl\/en\/wp-json\/wp\/v2\/types\/post"}],"author":[{"embeddable":true,"href":"https:\/\/pts.org.pl\/en\/wp-json\/wp\/v2\/users\/11"}],"replies":[{"embeddable":true,"href":"https:\/\/pts.org.pl\/en\/wp-json\/wp\/v2\/comments?post=6332"}],"version-history":[{"count":1,"href":"https:\/\/pts.org.pl\/en\/wp-json\/wp\/v2\/posts\/6332\/revisions"}],"predecessor-version":[{"id":6333,"href":"https:\/\/pts.org.pl\/en\/wp-json\/wp\/v2\/posts\/6332\/revisions\/6333"}],"wp:attachment":[{"href":"https:\/\/pts.org.pl\/en\/wp-json\/wp\/v2\/media?parent=6332"}],"wp:term":[{"taxonomy":"category","embeddable":true,"href":"https:\/\/pts.org.pl\/en\/wp-json\/wp\/v2\/categories?post=6332"},{"taxonomy":"post_tag","embeddable":true,"href":"https:\/\/pts.org.pl\/en\/wp-json\/wp\/v2\/tags?post=6332"}],"curies":[{"name":"wp","href":"https:\/\/api.w.org\/{rel}","templated":true}]}}