{"id":6326,"date":"2023-01-13T12:26:11","date_gmt":"2023-01-13T12:26:11","guid":{"rendered":"https:\/\/pts.org.pl\/?p=6326"},"modified":"2023-01-13T12:26:13","modified_gmt":"2023-01-13T12:26:13","slug":"v-konferencja-naukowo-szkoleniowa-socjologia-medycyny-promocja-zdrowia-wellbeing-zaproszenie","status":"publish","type":"post","link":"https:\/\/pts.org.pl\/en\/v-konferencja-naukowo-szkoleniowa-socjologia-medycyny-promocja-zdrowia-wellbeing-zaproszenie\/","title":{"rendered":"V Konferencja Naukowo-Szkoleniowa \u201eSocjologia medycyny \u2013 promocja zdrowia \u2013 wellbeing\u201d &#8211; ZAPROSZENIE"},"content":{"rendered":"<div class=\"fcbkbttn_buttons_block\" id=\"fcbkbttn_left\"><div class=\"fcbkbttn_button\">\n                            <a href=\"https:\/\/www.facebook.com\/\" target=\"_blank\">\n                                <img src=\"https:\/\/pts.org.pl\/wp-content\/plugins\/facebook-button-plugin\/images\/standard-facebook-ico.png\" alt=\"Fb-Button\" \/>\n                            <\/a>\n                        <\/div><div class=\"fcbkbttn_like \"><fb:like href=\"https:\/\/pts.org.pl\/en\/v-konferencja-naukowo-szkoleniowa-socjologia-medycyny-promocja-zdrowia-wellbeing-zaproszenie\/\" action=\"like\" colorscheme=\"light\" layout=\"button_count\"  size=\"small\"><\/fb:like><\/div><\/div>\n<p><em>Szanowni Pa\u0144stwo<\/em>,<\/p>\n\n\n\n<p><strong>serdecznie zapraszamy na pi\u0105t\u0105, jubileuszow\u0105 edycj\u0119 og\u00f3lnopolskiej Konferencji Naukowo-Szkoleniowej \u201eSocjologia medycyny \u2013 promocja zdrowia \u2013\u2026\u201d<\/strong>, kt\u00f3rej motywem przewodnim b\u0119dzie&nbsp;<strong>WELLBEING<\/strong>&nbsp;w odniesieniu do szeroko rozumianego zdrowia i promocji zdrowia.&nbsp;<\/p>\n\n\n\n<p><strong>Konferencja odb\u0119dzie si\u0119 we Wroc\u0142awiu dniach 22-23 wrze\u015bnia 2023 r.<\/strong><\/p>\n\n\n\n<p><strong>Organizatorami Konferencji s\u0105:<\/strong><\/p>\n\n\n\n<p>Fundacja Kreatywnie dla Zdrowia z Wroc\u0142awia oraz<\/p>\n\n\n\n<p>Sekcja Socjologii Zdrowia i Medycyny Polskiego Towarzystwa Socjologicznego.<\/p>\n\n\n\n<p><strong>Aktualno\u015bci dotycz\u0105ce Konferencji oraz formularz rejestracyjny dost\u0119pne s\u0105 na stronie<\/strong>:&nbsp;<a href=\"https:\/\/www.kreatywniedlazdrowia.pl\/VKKNS.htm\" target=\"_blank\" rel=\"noreferrer noopener\">https:\/\/www.kreatywniedlazdrowia.pl\/VKKNS.htm<\/a><\/p>\n\n\n\n<p><strong>Celem tych cyklicznych spotka\u0144 jest<\/strong>&nbsp;wymiana my\u015bli i do\u015bwiadcze\u0144 badawczych, popularyzacja wiedzy, ale tak\u017ce integracja \u015brodowiska akademickiego, koncentruj\u0105cego swoje zainteresowania naukowe na szeroko rozumianej problematyce zdrowia i choroby.<strong>&nbsp;Konferencja ma charakter interdyscyplinarny<\/strong>, a po\u015bwi\u0119cona jest pog\u0142\u0119bionej analizie teoretycznych i praktycznych rozwa\u017ca\u0144 dotycz\u0105cych problematyki zdrowia i choroby osadzonych w obszarach socjologii, socjologii medycyny, socjologii kultury, promocji zdrowia, medycyny, zdrowia publicznego, psychologii, pedagogiki, etyki.<\/p>\n\n\n\n<p><strong>Nadrz\u0119dn\u0105 ide\u0105 konferencji<\/strong>&nbsp;jest zaprezentowanie istniej\u0105cych, ale tak\u017ce wypracowanie nowych metod praktycznego zastosowania wiedzy teoretycznej i wynik\u00f3w socjologicznych bada\u0144 empirycznych w praktyce \u017cycia spo\u0142ecznego.<\/p>\n\n\n\n<p><strong>Zapraszamy do przygotowania zar\u00f3wno referat\u00f3w pogl\u0105dowych, jak i oryginalnych<\/strong>, b\u0119d\u0105cych wynikiem realizowanych przez Pa\u0144stwa bada\u0144, a tak\u017ce prezentowania praktycznych, przygotowywanych i wdra\u017canych projekt\u00f3w promuj\u0105cych zdrowie.&nbsp;&nbsp;<\/p>\n\n\n\n<p><strong>Warunkiem czynnego uczestnictwa w konferencji jest nades\u0142anie zg\u0142oszenia i tematu referatu wraz ze streszczeniem do 24.03.2023 r. oraz wniesienie op\u0142aty konferencyjnej.&nbsp;<\/strong>W\u0142\u0105czenie referatu do programu Konferencji uzale\u017cnione jest od pozytywnej decyzji Komitetu Naukowego.&nbsp;<\/p>\n\n\n\n<p>Wi\u0119cej informacji, terminarz zg\u0142osze\u0144 oraz wysoko\u015b\u0107 op\u0142aty konferencyjnej znajd\u0105 Pa\u0144stwo w tre\u015bci&nbsp;<strong>I Komunikatu Konferencyjnego (w za\u0142\u0105czeniu)<\/strong>:&nbsp;<a href=\"https:\/\/www.kreatywniedlazdrowia.pl\/kdz\/VKKNSIkomunikat.pdf\" target=\"_blank\" rel=\"noreferrer noopener\">https:\/\/www.kreatywniedlazdrowia.pl\/kdz\/VKKNSIkomunikat.pdf<\/a>&nbsp;&nbsp;<\/p>\n\n\n\n<p><strong>ELEKTRONICZNY FORMULARZ REJESTRACJI<\/strong>:&nbsp;<a href=\"http:\/\/www.kreatywniedlazdrowia.pl\/VKKNSformularz.htm\" target=\"_blank\" rel=\"noreferrer noopener\">www.kreatywniedlazdrowia.pl\/VKKNSformularz.htm<\/a>&nbsp;<\/p>\n\n\n\n<p><strong>REGULAMIN KONFERENCJI<\/strong>:&nbsp;<a href=\"http:\/\/www.kreatywniedlazdrowia.pl\/kdz\/VKKNSregulamin.pdf\" target=\"_blank\" rel=\"noreferrer noopener\">www.kreatywniedlazdrowia.pl\/kdz\/VKKNSregulamin.pdf<\/a>&nbsp;&nbsp;<\/p>\n\n\n\n<p>Tak, jak w poprzednich edycjach, planowana jest&nbsp;<strong>publikacja referat\u00f3w jako artyku\u0142\u00f3w w jednym z czasopism naukowych&nbsp;<\/strong>wsp\u00f3\u0142pracuj\u0105cych z nami w ramach konferencji (min. 40 punkt\u00f3w MNiSW). Pe\u0142n\u0105 list\u0119 czasopism naukowych, w kt\u00f3rych publikowane b\u0119d\u0105 artyku\u0142y, podamy w II komunikacie konferencyjnym.&nbsp;<\/p>\n\n\n\n<p>W ramach Konferencji przewidziane s\u0105 tak\u017ce<strong>&nbsp;Sesje Studenckie \u2013 Konkurs prac.&nbsp;<\/strong>Prosimy o upowszechnienie informacji w\u015br\u00f3d Student\u00f3w I i II stopnia (zasady udzia\u0142u dost\u0119pne s\u0105 w regulaminie konferencji).<\/p>\n\n\n\n<p>W razie jakichkolwiek w\u0105tpliwo\u015bci prosimy o&nbsp;<strong>kontakt<\/strong>:&nbsp;<a href=\"mailto:kreatywniedlazdrowia@gmail.com\" target=\"_blank\" rel=\"noreferrer noopener\">kreatywniedlazdrowia@gmail.com<\/a><\/p>\n\n\n\n<p><strong>Bardzo prosimy o rozpowszechnienie informacji o konferencji w\u015br\u00f3d Pa\u0144stwa Wsp\u00f3\u0142pracownik\u00f3w.&nbsp;<\/strong><\/p>\n\n\n\n<p>Serdecznie zapraszamy do wzi\u0119cia udzia\u0142u w jubileuszowej, pi\u0105tej edycji konferencji, kt\u00f3ra nie tylko pozwoli na wymian\u0119 wiedzy i do\u015bwiadcze\u0144 naukowych, ale b\u0119dzie r\u00f3wnie\u017c wspania\u0142\u0105 okazj\u0105 do integracji \u015brodowiska naukowego zajmuj\u0105cego si\u0119 szeroko rozumian\u0105 problematyk\u0105 zdrowia.<\/p>\n\n\n\n<p>Z wyrazami szacunku i serdecznymi pozdrowieniami<\/p>\n\n\n\n<p>&nbsp;w imieniu Komitetu Organizacyjnego<\/p>\n\n\n\n<p><em>dr hab. n. spo\u0142. Ma\u0142gorzata Synowiec-Pi\u0142at<\/em><\/p>\n\n\n\n<p><em>dr Krzysztof Puchalski<\/em><\/p>\n\n\n\n<p><em>dr Agnieszka Borowiec<\/em><\/p>\n\n\n\n<p>Zarz\u0105d Sekcji Socjologii Zdrowia i Medycyny PTS<\/p>\n\n\n\n<div class=\"wp-block-file\"><object class=\"wp-block-file__embed\" data=\"https:\/\/pts.org.pl\/wp-content\/uploads\/2023\/01\/VKKNSIkomunikat.pdf\" type=\"application\/pdf\" style=\"width:100%;height:600px\" aria-label=\"Osadzone z VKKNSIkomunikat.\"><\/object><a href=\"https:\/\/pts.org.pl\/wp-content\/uploads\/2023\/01\/VKKNSIkomunikat.pdf\">VKKNSIkomunikat<\/a><a href=\"https:\/\/pts.org.pl\/wp-content\/uploads\/2023\/01\/VKKNSIkomunikat.pdf\" class=\"wp-block-file__button\" download>Pobierz<\/a><\/div>\n\n\n\n<div class=\"wp-block-file\"><object class=\"wp-block-file__embed\" data=\"https:\/\/pts.org.pl\/wp-content\/uploads\/2023\/01\/VKKNSregulamin.pdf\" type=\"application\/pdf\" style=\"width:100%;height:600px\" aria-label=\"Osadzone z VKKNSregulamin.\"><\/object><a href=\"https:\/\/pts.org.pl\/wp-content\/uploads\/2023\/01\/VKKNSregulamin.pdf\">VKKNSregulamin<\/a><a href=\"https:\/\/pts.org.pl\/wp-content\/uploads\/2023\/01\/VKKNSregulamin.pdf\" class=\"wp-block-file__button\" download>Pobierz<\/a><\/div>\n","protected":false},"excerpt":{"rendered":"<p>Szanowni Pa\u0144stwo, serdecznie zapraszamy na pi\u0105t\u0105, jubileuszow\u0105 edycj\u0119 og\u00f3lnopolskiej Konferencji Naukowo-Szkoleniowej \u201eSocjologia medycyny \u2013 promocja zdrowia \u2013\u2026\u201d, kt\u00f3rej motywem przewodnim b\u0119dzie&nbsp;WELLBEING&nbsp;w odniesieniu do szeroko rozumianego zdrowia i promocji zdrowia.&nbsp; Konferencja odb\u0119dzie si\u0119 we Wroc\u0142awiu dniach 22-23 wrze\u015bnia 2023 r. Organizatorami Konferencji s\u0105: Fundacja Kreatywnie dla Zdrowia z Wroc\u0142awia oraz Sekcja Socjologii Zdrowia i Medycyny Polskiego [&hellip;]<\/p>\n","protected":false},"author":11,"featured_media":0,"comment_status":"open","ping_status":"open","sticky":false,"template":"","format":"standard","meta":[],"categories":[],"tags":[],"_links":{"self":[{"href":"https:\/\/pts.org.pl\/en\/wp-json\/wp\/v2\/posts\/6326"}],"collection":[{"href":"https:\/\/pts.org.pl\/en\/wp-json\/wp\/v2\/posts"}],"about":[{"href":"https:\/\/pts.org.pl\/en\/wp-json\/wp\/v2\/types\/post"}],"author":[{"embeddable":true,"href":"https:\/\/pts.org.pl\/en\/wp-json\/wp\/v2\/users\/11"}],"replies":[{"embeddable":true,"href":"https:\/\/pts.org.pl\/en\/wp-json\/wp\/v2\/comments?post=6326"}],"version-history":[{"count":1,"href":"https:\/\/pts.org.pl\/en\/wp-json\/wp\/v2\/posts\/6326\/revisions"}],"predecessor-version":[{"id":6329,"href":"https:\/\/pts.org.pl\/en\/wp-json\/wp\/v2\/posts\/6326\/revisions\/6329"}],"wp:attachment":[{"href":"https:\/\/pts.org.pl\/en\/wp-json\/wp\/v2\/media?parent=6326"}],"wp:term":[{"taxonomy":"category","embeddable":true,"href":"https:\/\/pts.org.pl\/en\/wp-json\/wp\/v2\/categories?post=6326"},{"taxonomy":"post_tag","embeddable":true,"href":"https:\/\/pts.org.pl\/en\/wp-json\/wp\/v2\/tags?post=6326"}],"curies":[{"name":"wp","href":"https:\/\/api.w.org\/{rel}","templated":true}]}}