{"id":6323,"date":"2023-01-12T13:18:12","date_gmt":"2023-01-12T13:18:12","guid":{"rendered":"https:\/\/pts.org.pl\/?p=6323"},"modified":"2023-01-12T13:18:14","modified_gmt":"2023-01-12T13:18:14","slug":"zaproszenie-na-seminarium-sekcji-socjologii-zycia-rodzinnego-i-intymnosci-12-01-2023","status":"publish","type":"post","link":"https:\/\/pts.org.pl\/en\/zaproszenie-na-seminarium-sekcji-socjologii-zycia-rodzinnego-i-intymnosci-12-01-2023\/","title":{"rendered":"Zaproszenie na seminarium Sekcji Socjologii \u017bycia Rodzinnego i Intymno\u015bci &#8211; 12.01.2023"},"content":{"rendered":"<div class=\"fcbkbttn_buttons_block\" id=\"fcbkbttn_left\"><div class=\"fcbkbttn_button\">\n                            <a href=\"https:\/\/www.facebook.com\/\" target=\"_blank\">\n                                <img src=\"https:\/\/pts.org.pl\/wp-content\/plugins\/facebook-button-plugin\/images\/standard-facebook-ico.png\" alt=\"Fb-Button\" \/>\n                            <\/a>\n                        <\/div><div class=\"fcbkbttn_like \"><fb:like href=\"https:\/\/pts.org.pl\/en\/zaproszenie-na-seminarium-sekcji-socjologii-zycia-rodzinnego-i-intymnosci-12-01-2023\/\" action=\"like\" colorscheme=\"light\" layout=\"button_count\"  size=\"small\"><\/fb:like><\/div><\/div>\n<p>Szanowni Pa\u0144stwo,<\/p>\n\n\n\n<p>Serdecznie zapraszamy na pierwsze w tym roku zdalne seminarium Sekcji Socjologii \u017bycia Rodzinnego i Intymmo\u015bci, kt\u00f3re odb\u0119dzie si\u0119 12 stycznia 2023r, godz. 17.00 na temat:<\/p>\n\n\n\n<p>Rodzicielstwo i praca w spo\u0142ecze\u0144stwie polskim. Perspektywa nier\u00f3wno\u015bci p\u0142ciowych<\/p>\n\n\n\n<p>Panelistka:<br>dr Kataryna Suwada \u2013 socjolo\u017cka, adiuntka w Instytucie Socjologii Uniwersytetu Miko\u0142aja Kopernika w Toruniu; badawczo interesuje si\u0119 rodzicielstwem, polityk\u0105 rodzinn\u0105, nier\u00f3wno\u015bciami p\u0142ciowymi Prowadzenie dr hab. Ma\u0142gorzata Sikorska \u2013 prof. ucz. (Wydzia\u0142 Socjologii, Uniwersytet Warszawski)<\/p>\n\n\n\n<p>Link do spotkania:<br><a href=\"https:\/\/uw-edu-pl.zoom.us\/j\/98010964539\" target=\"_blank\" rel=\"noreferrer noopener\">https:\/\/uw-edu-pl.zoom.us\/j\/98010964539<\/a><br>Meeting ID: 980 1096 4539<\/p>\n\n\n\n<p>Zapraszamy r\u00f3wnie\u017c na stron\u0119 Sekcji na FB:<br><a href=\"https:\/\/www.facebook.com\/Sekcja-Socjologii-%C5%BBycia-Rodzinnego-i-Intymno%C5%9Bci-\" target=\"_blank\" rel=\"noreferrer noopener\">https:\/\/www.facebook.com\/Sekcja-Socjologii-%C5%BBycia-Rodzinnego-i-Intymno%C5%9Bci-<\/a><br>PTS-103026391756349\/?notif_id=1610628806541710&amp;notif_t=page_fan&amp;ref=notif<\/p>\n\n\n\n<p>Zapraszamy!<\/p>\n\n\n\n<div class=\"wp-block-file\"><object class=\"wp-block-file__embed\" data=\"https:\/\/pts.org.pl\/wp-content\/uploads\/2023\/01\/Seminarium-Sekcji-Socjologii-Z\u0307ycia-Rodzinnego-i-Intymnos\u0301ci_12.01.2023.pdf\" type=\"application\/pdf\" style=\"width:100%;height:600px\" aria-label=\"Osadzone z Seminarium-Sekcji-Socjologii-Z\u0307ycia-Rodzinnego-i-Intymnos\u0301ci_12.01.2023.\"><\/object><a href=\"https:\/\/pts.org.pl\/wp-content\/uploads\/2023\/01\/Seminarium-Sekcji-Socjologii-Z\u0307ycia-Rodzinnego-i-Intymnos\u0301ci_12.01.2023.pdf\">Seminarium-Sekcji-Socjologii-Z\u0307ycia-Rodzinnego-i-Intymnos\u0301ci_12.01.2023<\/a><a href=\"https:\/\/pts.org.pl\/wp-content\/uploads\/2023\/01\/Seminarium-Sekcji-Socjologii-Z\u0307ycia-Rodzinnego-i-Intymnos\u0301ci_12.01.2023.pdf\" class=\"wp-block-file__button\" download>Pobierz<\/a><\/div>\n","protected":false},"excerpt":{"rendered":"<p>Szanowni Pa\u0144stwo, Serdecznie zapraszamy na pierwsze w tym roku zdalne seminarium Sekcji Socjologii \u017bycia Rodzinnego i Intymmo\u015bci, kt\u00f3re odb\u0119dzie si\u0119 12 stycznia 2023r, godz. 17.00 na temat: Rodzicielstwo i praca w spo\u0142ecze\u0144stwie polskim. Perspektywa nier\u00f3wno\u015bci p\u0142ciowych Panelistka:dr Kataryna Suwada \u2013 socjolo\u017cka, adiuntka w Instytucie Socjologii Uniwersytetu Miko\u0142aja Kopernika w Toruniu; badawczo interesuje si\u0119 rodzicielstwem, polityk\u0105 [&hellip;]<\/p>\n","protected":false},"author":11,"featured_media":0,"comment_status":"open","ping_status":"open","sticky":false,"template":"","format":"standard","meta":[],"categories":[],"tags":[],"_links":{"self":[{"href":"https:\/\/pts.org.pl\/en\/wp-json\/wp\/v2\/posts\/6323"}],"collection":[{"href":"https:\/\/pts.org.pl\/en\/wp-json\/wp\/v2\/posts"}],"about":[{"href":"https:\/\/pts.org.pl\/en\/wp-json\/wp\/v2\/types\/post"}],"author":[{"embeddable":true,"href":"https:\/\/pts.org.pl\/en\/wp-json\/wp\/v2\/users\/11"}],"replies":[{"embeddable":true,"href":"https:\/\/pts.org.pl\/en\/wp-json\/wp\/v2\/comments?post=6323"}],"version-history":[{"count":1,"href":"https:\/\/pts.org.pl\/en\/wp-json\/wp\/v2\/posts\/6323\/revisions"}],"predecessor-version":[{"id":6325,"href":"https:\/\/pts.org.pl\/en\/wp-json\/wp\/v2\/posts\/6323\/revisions\/6325"}],"wp:attachment":[{"href":"https:\/\/pts.org.pl\/en\/wp-json\/wp\/v2\/media?parent=6323"}],"wp:term":[{"taxonomy":"category","embeddable":true,"href":"https:\/\/pts.org.pl\/en\/wp-json\/wp\/v2\/categories?post=6323"},{"taxonomy":"post_tag","embeddable":true,"href":"https:\/\/pts.org.pl\/en\/wp-json\/wp\/v2\/tags?post=6323"}],"curies":[{"name":"wp","href":"https:\/\/api.w.org\/{rel}","templated":true}]}}