{"id":6321,"date":"2023-01-12T12:52:53","date_gmt":"2023-01-12T12:52:53","guid":{"rendered":"https:\/\/pts.org.pl\/?p=6321"},"modified":"2023-01-12T12:52:55","modified_gmt":"2023-01-12T12:52:55","slug":"zaproszenie-na-wirtualne-seminarium-socjologii-ciala-2","status":"publish","type":"post","link":"https:\/\/pts.org.pl\/en\/zaproszenie-na-wirtualne-seminarium-socjologii-ciala-2\/","title":{"rendered":"Zaproszenie na Wirtualne Seminarium Socjologii Cia\u0142a"},"content":{"rendered":"<div class=\"fcbkbttn_buttons_block\" id=\"fcbkbttn_left\"><div class=\"fcbkbttn_button\">\n                            <a href=\"https:\/\/www.facebook.com\/\" target=\"_blank\">\n                                <img src=\"https:\/\/pts.org.pl\/wp-content\/plugins\/facebook-button-plugin\/images\/standard-facebook-ico.png\" alt=\"Fb-Button\" \/>\n                            <\/a>\n                        <\/div><div class=\"fcbkbttn_like \"><fb:like href=\"https:\/\/pts.org.pl\/en\/zaproszenie-na-wirtualne-seminarium-socjologii-ciala-2\/\" action=\"like\" colorscheme=\"light\" layout=\"button_count\"  size=\"small\"><\/fb:like><\/div><\/div>\n<p>Sekcja Socjologii Cia\u0142a PTS zaprasza na pierwsze w tym roku Wirtualne Seminarium Socjologii Cia\u0142a. Odb\u0119dzie si\u0119 ono online, 13.01.23 o godz. 12:00.<\/p>\n\n\n\n<p>Go\u015bci\u0107 b\u0119dziemy mgr Katarzyn\u0119 Ma\u0144kowsk\u0105 z&nbsp;UMK, kt\u00f3ra przedstawi referat zatytu\u0142owany &#8220;Mi\u0119dzy cia\u0142em a&nbsp;to\u017csamo\u015bci\u0105 &#8211; konstruowanie niebinarnych to\u017csamo\u015bci p\u0142ciowych, a&nbsp;rola \u015bwiadomych zmian ekspresji i&nbsp;modyfikacji cia\u0142a.&#8221;<\/p>\n\n\n\n<p>Szczeg\u00f3\u0142owy opis tematyki WSSC:<\/p>\n\n\n\n<p><a href=\"https:\/\/www.socjologia-ciala.uni.lodz.pl\/socjologia-ciala\/szczegoly-wydarzenia\/wirtualne-seminarium-socjologii-ciala-1-2023\">https:\/\/www.socjologia-ciala.uni.lodz.pl\/socjologia-ciala\/szczegoly-wydarzenia\/wirtualne-seminarium-socjologii-ciala-1-2023<\/a><\/p>\n\n\n\n<p>link do spotkania:&nbsp;<a href=\"https:\/\/teams.microsoft.com\/l\/meetup-join\/19%3ameeting_ZDkzYzc4OWYtZGFiMy00Y2YwLWFhOTgtNTAwNDgzNGQ2Yjc0%40thread.v2\/0?context=%7b%22Tid%22%3a%2263441aef-da0e-4397-bb7e-f9d4705e963b%22%2c%22Oid%22%3a%229e2fbba3-77a0-4c8d-bf58-ffdc6dcfa47d%22%7d\" target=\"_blank\" rel=\"noreferrer noopener\">https:\/\/teams.microsoft.com\/l\/meetup-join\/19%3ameeting_ZDkzYzc4OWYtZGFiMy00Y2YwLWFhOTgtNTAwNDgzNGQ2Yjc0%40thread.v2\/0?context=%7b%22Tid%22%3a%2263441aef-da0e-4397-bb7e-f9d4705e963b%22%2c%22Oid%22%3a%229e2fbba3-77a0-4c8d-bf58-ffdc6dcfa47d%22%7d<\/a><\/p>\n\n\n\n<p>mgr Katarzyna Ma\u0144kowska: kognitywistka i&nbsp;socjolo\u017cka, doktorantka na Uniwersytecie Miko\u0142aja Kopernika w&nbsp;Toruniu. W&nbsp;swojej pracy doktorskiej zajmuj\u0119 si\u0119 tematem rozwoju to\u017csamo\u015bci psychoseksualnej w&nbsp;odniesieniu do to\u017csamo\u015bci p\u0142ciowej os\u00f3b niebinarnych i&nbsp;ich cisgenderowych partner\u00f3w i&nbsp;partnerki. Jednocze\u015bnie spu\u015bcizn\u0105 po wykszta\u0142ceniu kognitywistycznym jest jej wieloletnie zaanga\u017cowanie w&nbsp;badania nad neuronalnym pod\u0142o\u017cem dyskalkulii.<\/p>\n","protected":false},"excerpt":{"rendered":"<p>Sekcja Socjologii Cia\u0142a PTS zaprasza na pierwsze w tym roku Wirtualne Seminarium Socjologii Cia\u0142a. Odb\u0119dzie si\u0119 ono online, 13.01.23 o godz. 12:00. Go\u015bci\u0107 b\u0119dziemy mgr Katarzyn\u0119 Ma\u0144kowsk\u0105 z&nbsp;UMK, kt\u00f3ra przedstawi referat zatytu\u0142owany &#8220;Mi\u0119dzy cia\u0142em a&nbsp;to\u017csamo\u015bci\u0105 &#8211; konstruowanie niebinarnych to\u017csamo\u015bci p\u0142ciowych, a&nbsp;rola \u015bwiadomych zmian ekspresji i&nbsp;modyfikacji cia\u0142a.&#8221; Szczeg\u00f3\u0142owy opis tematyki WSSC: https:\/\/www.socjologia-ciala.uni.lodz.pl\/socjologia-ciala\/szczegoly-wydarzenia\/wirtualne-seminarium-socjologii-ciala-1-2023 link do spotkania:&nbsp;https:\/\/teams.microsoft.com\/l\/meetup-join\/19%3ameeting_ZDkzYzc4OWYtZGFiMy00Y2YwLWFhOTgtNTAwNDgzNGQ2Yjc0%40thread.v2\/0?context=%7b%22Tid%22%3a%2263441aef-da0e-4397-bb7e-f9d4705e963b%22%2c%22Oid%22%3a%229e2fbba3-77a0-4c8d-bf58-ffdc6dcfa47d%22%7d mgr [&hellip;]<\/p>\n","protected":false},"author":11,"featured_media":0,"comment_status":"open","ping_status":"open","sticky":false,"template":"","format":"standard","meta":[],"categories":[],"tags":[],"_links":{"self":[{"href":"https:\/\/pts.org.pl\/en\/wp-json\/wp\/v2\/posts\/6321"}],"collection":[{"href":"https:\/\/pts.org.pl\/en\/wp-json\/wp\/v2\/posts"}],"about":[{"href":"https:\/\/pts.org.pl\/en\/wp-json\/wp\/v2\/types\/post"}],"author":[{"embeddable":true,"href":"https:\/\/pts.org.pl\/en\/wp-json\/wp\/v2\/users\/11"}],"replies":[{"embeddable":true,"href":"https:\/\/pts.org.pl\/en\/wp-json\/wp\/v2\/comments?post=6321"}],"version-history":[{"count":1,"href":"https:\/\/pts.org.pl\/en\/wp-json\/wp\/v2\/posts\/6321\/revisions"}],"predecessor-version":[{"id":6322,"href":"https:\/\/pts.org.pl\/en\/wp-json\/wp\/v2\/posts\/6321\/revisions\/6322"}],"wp:attachment":[{"href":"https:\/\/pts.org.pl\/en\/wp-json\/wp\/v2\/media?parent=6321"}],"wp:term":[{"taxonomy":"category","embeddable":true,"href":"https:\/\/pts.org.pl\/en\/wp-json\/wp\/v2\/categories?post=6321"},{"taxonomy":"post_tag","embeddable":true,"href":"https:\/\/pts.org.pl\/en\/wp-json\/wp\/v2\/tags?post=6321"}],"curies":[{"name":"wp","href":"https:\/\/api.w.org\/{rel}","templated":true}]}}